{"id":14077,"date":"2025-07-02T11:30:41","date_gmt":"2025-07-02T15:30:41","guid":{"rendered":"https:\/\/academicos.uprrp.edu\/diia\/?p=14077"},"modified":"2025-07-07T15:10:00","modified_gmt":"2025-07-07T19:10:00","slug":"al-dia-con-la-diia-volumen-2-numero-1-junio-2025","status":"publish","type":"post","link":"https:\/\/academicos.uprrp.edu\/diia\/al-dia-con-la-diia-volumen-2-numero-1-junio-2025\/","title":{"rendered":"Al d\u00eda con la DIIA &#8211; Volumen 2, N\u00famero 1, Junio 2025"},"content":{"rendered":"\t\t<div data-elementor-type=\"wp-post\" data-elementor-id=\"14077\" class=\"elementor elementor-14077\">\n\t\t\t\t\t\t<section class=\"elementor-section elementor-top-section elementor-element elementor-element-7d5c049 elementor-section-boxed elementor-section-height-default elementor-section-height-default\" data-id=\"7d5c049\" data-element_type=\"section\" data-e-type=\"section\">\n\t\t\t\t\t\t<div class=\"elementor-container elementor-column-gap-default\">\n\t\t\t\t\t<div class=\"elementor-column elementor-col-100 elementor-top-column elementor-element elementor-element-3b6a7ec9\" data-id=\"3b6a7ec9\" data-element_type=\"column\" data-e-type=\"column\">\n\t\t\t<div class=\"elementor-widget-wrap elementor-element-populated\">\n\t\t\t\t\t\t<div class=\"elementor-element elementor-element-278fb05 eael-infobox-icon-bg-shape-none eael-infobox-icon-hover-bg-shape-none elementor-widget elementor-widget-eael-info-box\" data-id=\"278fb05\" data-element_type=\"widget\" data-e-type=\"widget\" data-widget_type=\"eael-info-box.default\">\n\t\t\t\t<div class=\"elementor-widget-container\">\n\t\t\t\t\t            <a href=\"https:\/\/academicos.uprrp.edu\/diia\/wp-content\/uploads\/sites\/5\/2025\/07\/02-Boletin-Al-dia-con-la-DIIA-Junio2025_Rev2025-07-07.pdf\" target=\"_blank\">\n\t            <div class=\"eael-infobox icon-on-left\">\n\t            <div class=\"infobox-icon eael-icon-only\">\n\n            \n                            <div class=\"infobox-icon-wrap\">\n                    <i aria-hidden=\"true\" class=\"tk tk-ebook\"><\/i>                <\/div>\n            \n            \n        <\/div>\n            <div class=\"infobox-content eael-icon-only\">\n                    <div class=\"infobox-title-section\">\n                <h2 class=\"title\">Al d\u00eda con la DIIA<\/h2>            <\/div>\n            <div><p>Volumen 2, N\u00famero 1, Junio 2025<\/p><\/div>        <\/div>\n            <\/div>\n\n\t\t            <\/a>\n\t\t\t\t\t\t<\/div>\n\t\t\t\t<\/div>\n\t\t\t\t<div class=\"elementor-element elementor-element-628d4d26 elementor-widget elementor-widget-text-editor\" data-id=\"628d4d26\" data-element_type=\"widget\" data-e-type=\"widget\" data-widget_type=\"text-editor.default\">\n\t\t\t\t<div class=\"elementor-widget-container\">\n\t\t\t\t\t\t\t\t\t<p>Publicamos la segunda edici\u00f3n de nuestro bolet\u00edn informativo. En esta segunda edici\u00f3n presentamos datos clave sobre el Recinto de R\u00edo Piedras de la UPR, incluyendo matr\u00edcula, admisiones y personal, adem\u00e1s de estudios sobre la satisfacci\u00f3n con servicios universitarios. Destacamos el rol del aval\u00fao del aprendizaje y el uso de inteligencia artificial en educaci\u00f3n.<\/p><p>Para acompa\u00f1ar el bolet\u00edn, publicamos el siguiente suplemento sobre herramientas de inteligencia artificial para gestiones docentes, investigativas y administrativas.<\/p>\t\t\t\t\t\t\t\t<\/div>\n\t\t\t\t<\/div>\n\t\t\t\t<div class=\"elementor-element elementor-element-837269d eael-infobox-icon-bg-shape-none eael-infobox-icon-hover-bg-shape-none elementor-widget elementor-widget-eael-info-box\" data-id=\"837269d\" data-element_type=\"widget\" data-e-type=\"widget\" data-widget_type=\"eael-info-box.default\">\n\t\t\t\t<div class=\"elementor-widget-container\">\n\t\t\t\t\t            <a href=\"https:\/\/academicos.uprrp.edu\/diia\/wp-content\/uploads\/sites\/5\/2025\/07\/IA-PlanEstrategica-Rev2025-06-30.xlsx\">\n\t            <div class=\"eael-infobox icon-on-left\">\n\t            <div class=\"infobox-icon eael-icon-only\">\n\n            \n                            <div class=\"infobox-icon-wrap\">\n                    <i aria-hidden=\"true\" class=\"tk tk-idea2\"><\/i>                <\/div>\n            \n            \n        <\/div>\n            <div class=\"infobox-content eael-icon-only\">\n                    <div class=\"infobox-title-section\">\n                <h2 class=\"title\">Herramientas de inteligencia artificial<\/h2>            <\/div>\n            <div><p>Documento informativo sobre herramientas de IA para gesti\u00f3n docente, investigativa y administrativa (XLSX)<\/p><\/div>        <\/div>\n            <\/div>\n\n\t\t            <\/a>\n\t\t\t\t\t\t<\/div>\n\t\t\t\t<\/div>\n\t\t\t\t\t<\/div>\n\t\t<\/div>\n\t\t\t\t\t<\/div>\n\t\t<\/section>\n\t\t\t\t<\/div>\n\t\t","protected":false},"excerpt":{"rendered":"<p>Al d\u00eda con la DIIA Volumen 2, N\u00famero 1, Junio 2025 Publicamos la segunda edici\u00f3n de nuestro bolet\u00edn informativo. En esta segunda edici\u00f3n presentamos datos clave sobre el Recinto de &hellip; <\/p>\n","protected":false},"author":6,"featured_media":14078,"comment_status":"closed","ping_status":"closed","sticky":false,"template":"","format":"standard","meta":{"om_disable_all_campaigns":false,"_monsterinsights_skip_tracking":false,"_monsterinsights_sitenote_active":false,"_monsterinsights_sitenote_note":"","_monsterinsights_sitenote_category":0,"_uf_show_specific_survey":0,"_uf_disable_surveys":false,"footnotes":""},"categories":[122],"tags":[127,131,130,132,45,133,126,128,129],"class_list":["post-14077","post","type-post","status-publish","format-standard","has-post-thumbnail","hentry","category-al-dia-con-la-diia","tag-admisiones","tag-avaluo-del-aprendizaje-estudiantil","tag-estudio-de-satisfaccion-de-servicios","tag-inteligencia-artificial","tag-matricula","tag-participacion-estudiantil-en-procesos-de-evaluacion-academica","tag-perfil-institucional-2024-2025","tag-personal","tag-recursos-humanos"],"yoast_head":"<!-- This site is optimized with the Yoast SEO plugin v27.2 - https:\/\/yoast.com\/product\/yoast-seo-wordpress\/ -->\n<title>Al d\u00eda con la DIIA - Volumen 2, N\u00famero 1, Junio 2025 - Divisi\u00f3n Investigaci\u00f3n Institucional y Aval\u00fao - Universidad de Puerto Rico - Recinto de R\u00edo Piedras - UPRRP<\/title>\n<meta name=\"robots\" content=\"index, follow, max-snippet:-1, max-image-preview:large, max-video-preview:-1\" \/>\n<link rel=\"canonical\" href=\"https:\/\/academicos.uprrp.edu\/diia\/al-dia-con-la-diia-volumen-2-numero-1-junio-2025\/\" \/>\n<meta property=\"og:locale\" content=\"es_ES\" \/>\n<meta property=\"og:type\" content=\"article\" \/>\n<meta property=\"og:title\" content=\"Al d\u00eda con la DIIA - Volumen 2, N\u00famero 1, Junio 2025 - Divisi\u00f3n Investigaci\u00f3n Institucional y Aval\u00fao - Universidad de Puerto Rico - Recinto de R\u00edo Piedras - UPRRP\" \/>\n<meta property=\"og:description\" content=\"Al d\u00eda con la DIIA Volumen 2, N\u00famero 1, Junio 2025 Publicamos la segunda edici\u00f3n de nuestro bolet\u00edn informativo. En esta segunda edici\u00f3n presentamos datos clave sobre el Recinto de &hellip;\" \/>\n<meta property=\"og:url\" content=\"https:\/\/academicos.uprrp.edu\/diia\/al-dia-con-la-diia-volumen-2-numero-1-junio-2025\/\" \/>\n<meta property=\"og:site_name\" content=\"Divisi\u00f3n Investigaci\u00f3n Institucional y Aval\u00fao - Universidad de Puerto Rico - Recinto de R\u00edo Piedras - UPRRP\" \/>\n<meta property=\"article:published_time\" content=\"2025-07-02T15:30:41+00:00\" \/>\n<meta property=\"article:modified_time\" content=\"2025-07-07T19:10:00+00:00\" \/>\n<meta property=\"og:image\" content=\"https:\/\/academicos.uprrp.edu\/diia\/wp-content\/uploads\/sites\/5\/2025\/07\/01-02-Junio2025.jpg\" \/>\n\t<meta property=\"og:image:width\" content=\"248\" \/>\n\t<meta property=\"og:image:height\" content=\"322\" \/>\n\t<meta property=\"og:image:type\" content=\"image\/jpeg\" \/>\n<meta name=\"author\" content=\"Divisi\u00f3n de Investigaci\u00f3n Institucional y Aval\u00fao\" \/>\n<meta name=\"twitter:card\" content=\"summary_large_image\" \/>\n<meta name=\"twitter:label1\" content=\"Written by\" \/>\n\t<meta name=\"twitter:data1\" content=\"Divisi\u00f3n de Investigaci\u00f3n Institucional y Aval\u00fao\" \/>\n\t<meta name=\"twitter:label2\" content=\"Est. reading time\" \/>\n\t<meta name=\"twitter:data2\" content=\"1 minuto\" \/>\n<script type=\"application\/ld+json\" class=\"yoast-schema-graph\">{\"@context\":\"https:\/\/schema.org\",\"@graph\":[{\"@type\":\"Article\",\"@id\":\"https:\/\/academicos.uprrp.edu\/diia\/al-dia-con-la-diia-volumen-2-numero-1-junio-2025\/#article\",\"isPartOf\":{\"@id\":\"https:\/\/academicos.uprrp.edu\/diia\/al-dia-con-la-diia-volumen-2-numero-1-junio-2025\/\"},\"author\":{\"name\":\"Divisi\u00f3n de Investigaci\u00f3n Institucional y Aval\u00fao\",\"@id\":\"https:\/\/academicos.uprrp.edu\/diia\/#\/schema\/person\/88d1a1badfd609336b2461c0c94ffa49\"},\"headline\":\"Al d\u00eda con la DIIA &#8211; Volumen 2, N\u00famero 1, Junio 2025\",\"datePublished\":\"2025-07-02T15:30:41+00:00\",\"dateModified\":\"2025-07-07T19:10:00+00:00\",\"mainEntityOfPage\":{\"@id\":\"https:\/\/academicos.uprrp.edu\/diia\/al-dia-con-la-diia-volumen-2-numero-1-junio-2025\/\"},\"wordCount\":122,\"publisher\":{\"@id\":\"https:\/\/academicos.uprrp.edu\/diia\/#organization\"},\"image\":{\"@id\":\"https:\/\/academicos.uprrp.edu\/diia\/al-dia-con-la-diia-volumen-2-numero-1-junio-2025\/#primaryimage\"},\"thumbnailUrl\":\"https:\/\/academicos.uprrp.edu\/diia\/wp-content\/uploads\/sites\/5\/2025\/07\/01-02-Junio2025.jpg\",\"keywords\":[\"admisiones\",\"aval\u00fao del aprendizaje estudiantil\",\"estudio de satisfacci\u00f3n de servicios\",\"inteligencia artificial\",\"matr\u00edcula\",\"participaci\u00f3n estudiantil en procesos de evaluaci\u00f3n acad\u00e9mica\",\"perfil institucional 2024-2025\",\"personal\",\"recursos humanos\"],\"articleSection\":[\"Al d\u00eda con la DIIA\"],\"inLanguage\":\"es\"},{\"@type\":\"WebPage\",\"@id\":\"https:\/\/academicos.uprrp.edu\/diia\/al-dia-con-la-diia-volumen-2-numero-1-junio-2025\/\",\"url\":\"https:\/\/academicos.uprrp.edu\/diia\/al-dia-con-la-diia-volumen-2-numero-1-junio-2025\/\",\"name\":\"Al d\u00eda con la DIIA - Volumen 2, N\u00famero 1, Junio 2025 - Divisi\u00f3n Investigaci\u00f3n Institucional y Aval\u00fao - Universidad de Puerto Rico - Recinto de R\u00edo Piedras - UPRRP\",\"isPartOf\":{\"@id\":\"https:\/\/academicos.uprrp.edu\/diia\/#website\"},\"primaryImageOfPage\":{\"@id\":\"https:\/\/academicos.uprrp.edu\/diia\/al-dia-con-la-diia-volumen-2-numero-1-junio-2025\/#primaryimage\"},\"image\":{\"@id\":\"https:\/\/academicos.uprrp.edu\/diia\/al-dia-con-la-diia-volumen-2-numero-1-junio-2025\/#primaryimage\"},\"thumbnailUrl\":\"https:\/\/academicos.uprrp.edu\/diia\/wp-content\/uploads\/sites\/5\/2025\/07\/01-02-Junio2025.jpg\",\"datePublished\":\"2025-07-02T15:30:41+00:00\",\"dateModified\":\"2025-07-07T19:10:00+00:00\",\"breadcrumb\":{\"@id\":\"https:\/\/academicos.uprrp.edu\/diia\/al-dia-con-la-diia-volumen-2-numero-1-junio-2025\/#breadcrumb\"},\"inLanguage\":\"es\",\"potentialAction\":[{\"@type\":\"ReadAction\",\"target\":[\"https:\/\/academicos.uprrp.edu\/diia\/al-dia-con-la-diia-volumen-2-numero-1-junio-2025\/\"]}]},{\"@type\":\"ImageObject\",\"inLanguage\":\"es\",\"@id\":\"https:\/\/academicos.uprrp.edu\/diia\/al-dia-con-la-diia-volumen-2-numero-1-junio-2025\/#primaryimage\",\"url\":\"https:\/\/academicos.uprrp.edu\/diia\/wp-content\/uploads\/sites\/5\/2025\/07\/01-02-Junio2025.jpg\",\"contentUrl\":\"https:\/\/academicos.uprrp.edu\/diia\/wp-content\/uploads\/sites\/5\/2025\/07\/01-02-Junio2025.jpg\",\"width\":248,\"height\":322,\"caption\":\"Portada de la revista electr\u00f3nica Al d\u00eda con la DIIA, Junio 2025\"},{\"@type\":\"BreadcrumbList\",\"@id\":\"https:\/\/academicos.uprrp.edu\/diia\/al-dia-con-la-diia-volumen-2-numero-1-junio-2025\/#breadcrumb\",\"itemListElement\":[{\"@type\":\"ListItem\",\"position\":1,\"name\":\"Home\",\"item\":\"https:\/\/academicos.uprrp.edu\/diia\/\"},{\"@type\":\"ListItem\",\"position\":2,\"name\":\"Al d\u00eda con la DIIA &#8211; Volumen 2, N\u00famero 1, Junio 2025\"}]},{\"@type\":\"WebSite\",\"@id\":\"https:\/\/academicos.uprrp.edu\/diia\/#website\",\"url\":\"https:\/\/academicos.uprrp.edu\/diia\/\",\"name\":\"Divisi\u00f3n Investigaci\u00f3n Institucional y Aval\u00fao - Universidad de Puerto Rico - Recinto de R\u00edo Piedras - DIIA - UPRRP\",\"description\":\"Investigaci\u00f3n institucional, aval\u00fao del aprendizaje estudiantil, efectividad institucional, datos institucionales, institutional research, student learning assessment, institutional effectiveness, institutional data\",\"publisher\":{\"@id\":\"https:\/\/academicos.uprrp.edu\/diia\/#organization\"},\"potentialAction\":[{\"@type\":\"SearchAction\",\"target\":{\"@type\":\"EntryPoint\",\"urlTemplate\":\"https:\/\/academicos.uprrp.edu\/diia\/?s={search_term_string}\"},\"query-input\":{\"@type\":\"PropertyValueSpecification\",\"valueRequired\":true,\"valueName\":\"search_term_string\"}}],\"inLanguage\":\"es\"},{\"@type\":\"Organization\",\"@id\":\"https:\/\/academicos.uprrp.edu\/diia\/#organization\",\"name\":\"Divisi\u00f3n de Investigaci\u00f3n Institucional y Aval\u00fao, Universidad de Puerto Rico, Recinto de R\u00edo Piedras\",\"url\":\"https:\/\/academicos.uprrp.edu\/diia\/\",\"logo\":{\"@type\":\"ImageObject\",\"inLanguage\":\"es\",\"@id\":\"https:\/\/academicos.uprrp.edu\/diia\/#\/schema\/logo\/image\/\",\"url\":\"https:\/\/academicos.uprrp.edu\/diia\/wp-content\/uploads\/sites\/5\/2020\/02\/LogoDIIA-Oficial01SelloFondoBlanco.png\",\"contentUrl\":\"https:\/\/academicos.uprrp.edu\/diia\/wp-content\/uploads\/sites\/5\/2020\/02\/LogoDIIA-Oficial01SelloFondoBlanco.png\",\"width\":3038,\"height\":899,\"caption\":\"Divisi\u00f3n de Investigaci\u00f3n Institucional y Aval\u00fao, Universidad de Puerto Rico, Recinto de R\u00edo Piedras\"},\"image\":{\"@id\":\"https:\/\/academicos.uprrp.edu\/diia\/#\/schema\/logo\/image\/\"}},{\"@type\":\"Person\",\"@id\":\"https:\/\/academicos.uprrp.edu\/diia\/#\/schema\/person\/88d1a1badfd609336b2461c0c94ffa49\",\"name\":\"Divisi\u00f3n de Investigaci\u00f3n Institucional y Aval\u00fao\",\"image\":{\"@type\":\"ImageObject\",\"inLanguage\":\"es\",\"@id\":\"https:\/\/secure.gravatar.com\/avatar\/1da843748f06c91fd71af6c6e6d82ada6a6b90595860355ca27ddfe636fa5c0c?s=96&d=mm&r=g\",\"url\":\"https:\/\/secure.gravatar.com\/avatar\/1da843748f06c91fd71af6c6e6d82ada6a6b90595860355ca27ddfe636fa5c0c?s=96&d=mm&r=g\",\"contentUrl\":\"https:\/\/secure.gravatar.com\/avatar\/1da843748f06c91fd71af6c6e6d82ada6a6b90595860355ca27ddfe636fa5c0c?s=96&d=mm&r=g\",\"caption\":\"Divisi\u00f3n de Investigaci\u00f3n Institucional y Aval\u00fao\"}}]}<\/script>\n<!-- \/ Yoast SEO plugin. -->","yoast_head_json":{"title":"Al d\u00eda con la DIIA - Volumen 2, N\u00famero 1, Junio 2025 - Divisi\u00f3n Investigaci\u00f3n Institucional y Aval\u00fao - Universidad de Puerto Rico - Recinto de R\u00edo Piedras - UPRRP","robots":{"index":"index","follow":"follow","max-snippet":"max-snippet:-1","max-image-preview":"max-image-preview:large","max-video-preview":"max-video-preview:-1"},"canonical":"https:\/\/academicos.uprrp.edu\/diia\/al-dia-con-la-diia-volumen-2-numero-1-junio-2025\/","og_locale":"es_ES","og_type":"article","og_title":"Al d\u00eda con la DIIA - Volumen 2, N\u00famero 1, Junio 2025 - Divisi\u00f3n Investigaci\u00f3n Institucional y Aval\u00fao - Universidad de Puerto Rico - Recinto de R\u00edo Piedras - UPRRP","og_description":"Al d\u00eda con la DIIA Volumen 2, N\u00famero 1, Junio 2025 Publicamos la segunda edici\u00f3n de nuestro bolet\u00edn informativo. En esta segunda edici\u00f3n presentamos datos clave sobre el Recinto de &hellip;","og_url":"https:\/\/academicos.uprrp.edu\/diia\/al-dia-con-la-diia-volumen-2-numero-1-junio-2025\/","og_site_name":"Divisi\u00f3n Investigaci\u00f3n Institucional y Aval\u00fao - Universidad de Puerto Rico - Recinto de R\u00edo Piedras - UPRRP","article_published_time":"2025-07-02T15:30:41+00:00","article_modified_time":"2025-07-07T19:10:00+00:00","og_image":[{"width":248,"height":322,"url":"https:\/\/academicos.uprrp.edu\/diia\/wp-content\/uploads\/sites\/5\/2025\/07\/01-02-Junio2025.jpg","type":"image\/jpeg"}],"author":"Divisi\u00f3n de Investigaci\u00f3n Institucional y Aval\u00fao","twitter_card":"summary_large_image","twitter_misc":{"Written by":"Divisi\u00f3n de Investigaci\u00f3n Institucional y Aval\u00fao","Est. reading time":"1 minuto"},"schema":{"@context":"https:\/\/schema.org","@graph":[{"@type":"Article","@id":"https:\/\/academicos.uprrp.edu\/diia\/al-dia-con-la-diia-volumen-2-numero-1-junio-2025\/#article","isPartOf":{"@id":"https:\/\/academicos.uprrp.edu\/diia\/al-dia-con-la-diia-volumen-2-numero-1-junio-2025\/"},"author":{"name":"Divisi\u00f3n de Investigaci\u00f3n Institucional y Aval\u00fao","@id":"https:\/\/academicos.uprrp.edu\/diia\/#\/schema\/person\/88d1a1badfd609336b2461c0c94ffa49"},"headline":"Al d\u00eda con la DIIA &#8211; Volumen 2, N\u00famero 1, Junio 2025","datePublished":"2025-07-02T15:30:41+00:00","dateModified":"2025-07-07T19:10:00+00:00","mainEntityOfPage":{"@id":"https:\/\/academicos.uprrp.edu\/diia\/al-dia-con-la-diia-volumen-2-numero-1-junio-2025\/"},"wordCount":122,"publisher":{"@id":"https:\/\/academicos.uprrp.edu\/diia\/#organization"},"image":{"@id":"https:\/\/academicos.uprrp.edu\/diia\/al-dia-con-la-diia-volumen-2-numero-1-junio-2025\/#primaryimage"},"thumbnailUrl":"https:\/\/academicos.uprrp.edu\/diia\/wp-content\/uploads\/sites\/5\/2025\/07\/01-02-Junio2025.jpg","keywords":["admisiones","aval\u00fao del aprendizaje estudiantil","estudio de satisfacci\u00f3n de servicios","inteligencia artificial","matr\u00edcula","participaci\u00f3n estudiantil en procesos de evaluaci\u00f3n acad\u00e9mica","perfil institucional 2024-2025","personal","recursos humanos"],"articleSection":["Al d\u00eda con la DIIA"],"inLanguage":"es"},{"@type":"WebPage","@id":"https:\/\/academicos.uprrp.edu\/diia\/al-dia-con-la-diia-volumen-2-numero-1-junio-2025\/","url":"https:\/\/academicos.uprrp.edu\/diia\/al-dia-con-la-diia-volumen-2-numero-1-junio-2025\/","name":"Al d\u00eda con la DIIA - Volumen 2, N\u00famero 1, Junio 2025 - Divisi\u00f3n Investigaci\u00f3n Institucional y Aval\u00fao - Universidad de Puerto Rico - Recinto de R\u00edo Piedras - UPRRP","isPartOf":{"@id":"https:\/\/academicos.uprrp.edu\/diia\/#website"},"primaryImageOfPage":{"@id":"https:\/\/academicos.uprrp.edu\/diia\/al-dia-con-la-diia-volumen-2-numero-1-junio-2025\/#primaryimage"},"image":{"@id":"https:\/\/academicos.uprrp.edu\/diia\/al-dia-con-la-diia-volumen-2-numero-1-junio-2025\/#primaryimage"},"thumbnailUrl":"https:\/\/academicos.uprrp.edu\/diia\/wp-content\/uploads\/sites\/5\/2025\/07\/01-02-Junio2025.jpg","datePublished":"2025-07-02T15:30:41+00:00","dateModified":"2025-07-07T19:10:00+00:00","breadcrumb":{"@id":"https:\/\/academicos.uprrp.edu\/diia\/al-dia-con-la-diia-volumen-2-numero-1-junio-2025\/#breadcrumb"},"inLanguage":"es","potentialAction":[{"@type":"ReadAction","target":["https:\/\/academicos.uprrp.edu\/diia\/al-dia-con-la-diia-volumen-2-numero-1-junio-2025\/"]}]},{"@type":"ImageObject","inLanguage":"es","@id":"https:\/\/academicos.uprrp.edu\/diia\/al-dia-con-la-diia-volumen-2-numero-1-junio-2025\/#primaryimage","url":"https:\/\/academicos.uprrp.edu\/diia\/wp-content\/uploads\/sites\/5\/2025\/07\/01-02-Junio2025.jpg","contentUrl":"https:\/\/academicos.uprrp.edu\/diia\/wp-content\/uploads\/sites\/5\/2025\/07\/01-02-Junio2025.jpg","width":248,"height":322,"caption":"Portada de la revista electr\u00f3nica Al d\u00eda con la DIIA, Junio 2025"},{"@type":"BreadcrumbList","@id":"https:\/\/academicos.uprrp.edu\/diia\/al-dia-con-la-diia-volumen-2-numero-1-junio-2025\/#breadcrumb","itemListElement":[{"@type":"ListItem","position":1,"name":"Home","item":"https:\/\/academicos.uprrp.edu\/diia\/"},{"@type":"ListItem","position":2,"name":"Al d\u00eda con la DIIA &#8211; Volumen 2, N\u00famero 1, Junio 2025"}]},{"@type":"WebSite","@id":"https:\/\/academicos.uprrp.edu\/diia\/#website","url":"https:\/\/academicos.uprrp.edu\/diia\/","name":"Divisi\u00f3n Investigaci\u00f3n Institucional y Aval\u00fao - Universidad de Puerto Rico - Recinto de R\u00edo Piedras - DIIA - UPRRP","description":"Investigaci\u00f3n institucional, aval\u00fao del aprendizaje estudiantil, efectividad institucional, datos institucionales, institutional research, student learning assessment, institutional effectiveness, institutional data","publisher":{"@id":"https:\/\/academicos.uprrp.edu\/diia\/#organization"},"potentialAction":[{"@type":"SearchAction","target":{"@type":"EntryPoint","urlTemplate":"https:\/\/academicos.uprrp.edu\/diia\/?s={search_term_string}"},"query-input":{"@type":"PropertyValueSpecification","valueRequired":true,"valueName":"search_term_string"}}],"inLanguage":"es"},{"@type":"Organization","@id":"https:\/\/academicos.uprrp.edu\/diia\/#organization","name":"Divisi\u00f3n de Investigaci\u00f3n Institucional y Aval\u00fao, Universidad de Puerto Rico, Recinto de R\u00edo Piedras","url":"https:\/\/academicos.uprrp.edu\/diia\/","logo":{"@type":"ImageObject","inLanguage":"es","@id":"https:\/\/academicos.uprrp.edu\/diia\/#\/schema\/logo\/image\/","url":"https:\/\/academicos.uprrp.edu\/diia\/wp-content\/uploads\/sites\/5\/2020\/02\/LogoDIIA-Oficial01SelloFondoBlanco.png","contentUrl":"https:\/\/academicos.uprrp.edu\/diia\/wp-content\/uploads\/sites\/5\/2020\/02\/LogoDIIA-Oficial01SelloFondoBlanco.png","width":3038,"height":899,"caption":"Divisi\u00f3n de Investigaci\u00f3n Institucional y Aval\u00fao, Universidad de Puerto Rico, Recinto de R\u00edo Piedras"},"image":{"@id":"https:\/\/academicos.uprrp.edu\/diia\/#\/schema\/logo\/image\/"}},{"@type":"Person","@id":"https:\/\/academicos.uprrp.edu\/diia\/#\/schema\/person\/88d1a1badfd609336b2461c0c94ffa49","name":"Divisi\u00f3n de Investigaci\u00f3n Institucional y Aval\u00fao","image":{"@type":"ImageObject","inLanguage":"es","@id":"https:\/\/secure.gravatar.com\/avatar\/1da843748f06c91fd71af6c6e6d82ada6a6b90595860355ca27ddfe636fa5c0c?s=96&d=mm&r=g","url":"https:\/\/secure.gravatar.com\/avatar\/1da843748f06c91fd71af6c6e6d82ada6a6b90595860355ca27ddfe636fa5c0c?s=96&d=mm&r=g","contentUrl":"https:\/\/secure.gravatar.com\/avatar\/1da843748f06c91fd71af6c6e6d82ada6a6b90595860355ca27ddfe636fa5c0c?s=96&d=mm&r=g","caption":"Divisi\u00f3n de Investigaci\u00f3n Institucional y Aval\u00fao"}}]}},"aioseo_notices":[],"_links":{"self":[{"href":"https:\/\/academicos.uprrp.edu\/diia\/wp-json\/wp\/v2\/posts\/14077","targetHints":{"allow":["GET"]}}],"collection":[{"href":"https:\/\/academicos.uprrp.edu\/diia\/wp-json\/wp\/v2\/posts"}],"about":[{"href":"https:\/\/academicos.uprrp.edu\/diia\/wp-json\/wp\/v2\/types\/post"}],"author":[{"embeddable":true,"href":"https:\/\/academicos.uprrp.edu\/diia\/wp-json\/wp\/v2\/users\/6"}],"replies":[{"embeddable":true,"href":"https:\/\/academicos.uprrp.edu\/diia\/wp-json\/wp\/v2\/comments?post=14077"}],"version-history":[{"count":21,"href":"https:\/\/academicos.uprrp.edu\/diia\/wp-json\/wp\/v2\/posts\/14077\/revisions"}],"predecessor-version":[{"id":14122,"href":"https:\/\/academicos.uprrp.edu\/diia\/wp-json\/wp\/v2\/posts\/14077\/revisions\/14122"}],"wp:featuredmedia":[{"embeddable":true,"href":"https:\/\/academicos.uprrp.edu\/diia\/wp-json\/wp\/v2\/media\/14078"}],"wp:attachment":[{"href":"https:\/\/academicos.uprrp.edu\/diia\/wp-json\/wp\/v2\/media?parent=14077"}],"wp:term":[{"taxonomy":"category","embeddable":true,"href":"https:\/\/academicos.uprrp.edu\/diia\/wp-json\/wp\/v2\/categories?post=14077"},{"taxonomy":"post_tag","embeddable":true,"href":"https:\/\/academicos.uprrp.edu\/diia\/wp-json\/wp\/v2\/tags?post=14077"}],"curies":[{"name":"wp","href":"https:\/\/api.w.org\/{rel}","templated":true}]}}