{"id":13809,"date":"2025-01-16T15:27:20","date_gmt":"2025-01-16T19:27:20","guid":{"rendered":"https:\/\/academicos.uprrp.edu\/diia\/?p=13809"},"modified":"2025-07-07T15:10:58","modified_gmt":"2025-07-07T19:10:58","slug":"al-dia-con-la-diia-numero-1-volumen-1-agosto-2024","status":"publish","type":"post","link":"https:\/\/academicos.uprrp.edu\/diia\/al-dia-con-la-diia-numero-1-volumen-1-agosto-2024\/","title":{"rendered":"Al d\u00eda con la DIIA &#8211; N\u00famero 1, Volumen 1, Agosto 2024"},"content":{"rendered":"\t\t<div data-elementor-type=\"wp-post\" data-elementor-id=\"13809\" class=\"elementor elementor-13809\">\n\t\t\t\t\t\t<section class=\"elementor-section elementor-top-section elementor-element elementor-element-7d5c049 elementor-section-boxed elementor-section-height-default elementor-section-height-default\" data-id=\"7d5c049\" data-element_type=\"section\" data-e-type=\"section\">\n\t\t\t\t\t\t<div class=\"elementor-container elementor-column-gap-default\">\n\t\t\t\t\t<div class=\"elementor-column elementor-col-100 elementor-top-column elementor-element elementor-element-3b6a7ec9\" data-id=\"3b6a7ec9\" data-element_type=\"column\" data-e-type=\"column\">\n\t\t\t<div class=\"elementor-widget-wrap elementor-element-populated\">\n\t\t\t\t\t\t<div class=\"elementor-element elementor-element-278fb05 eael-infobox-icon-bg-shape-none eael-infobox-icon-hover-bg-shape-none elementor-widget elementor-widget-eael-info-box\" data-id=\"278fb05\" data-element_type=\"widget\" data-e-type=\"widget\" data-widget_type=\"eael-info-box.default\">\n\t\t\t\t<div class=\"elementor-widget-container\">\n\t\t\t\t\t            <a href=\"https:\/\/academicos.uprrp.edu\/diia\/wp-content\/uploads\/sites\/5\/2025\/01\/01-Revista-Al-dia-con-la-DIIA-Agosto2024.pdf\" target=\"_blank\">\n\t            <div class=\"eael-infobox icon-on-left\">\n\t            <div class=\"infobox-icon eael-icon-only\">\n\n            \n                            <div class=\"infobox-icon-wrap\">\n                    <i aria-hidden=\"true\" class=\"tk tk-ebook\"><\/i>                <\/div>\n            \n            \n        <\/div>\n            <div class=\"infobox-content eael-icon-only\">\n                    <div class=\"infobox-title-section\">\n                <h2 class=\"title\">Al d\u00eda con la DIIA<\/h2>            <\/div>\n            <div><p>N\u00famero 1, Volumen 1, Agosto 2024<\/p><\/div>        <\/div>\n            <\/div>\n\n\t\t            <\/a>\n\t\t\t\t\t\t<\/div>\n\t\t\t\t<\/div>\n\t\t\t\t<div class=\"elementor-element elementor-element-628d4d26 elementor-widget elementor-widget-text-editor\" data-id=\"628d4d26\" data-element_type=\"widget\" data-e-type=\"widget\" data-widget_type=\"text-editor.default\">\n\t\t\t\t<div class=\"elementor-widget-container\">\n\t\t\t\t\t\t\t\t\t<p>Publicamos la primera edici\u00f3n de nuestra revista electr\u00f3nica. En esta edici\u00f3n, descubra qu\u00e9 es la Divisi\u00f3n de Investigaci\u00f3n Institucional y Aval\u00fao, nuestros diferentes componentes y los servicios que ofrecemos.<\/p>\t\t\t\t\t\t\t\t<\/div>\n\t\t\t\t<\/div>\n\t\t\t\t\t<\/div>\n\t\t<\/div>\n\t\t\t\t\t<\/div>\n\t\t<\/section>\n\t\t\t\t<\/div>\n\t\t","protected":false},"excerpt":{"rendered":"<p>Al d\u00eda con la DIIA N\u00famero 1, Volumen 1, Agosto 2024 Publicamos la primera edici\u00f3n de nuestra revista electr\u00f3nica. En esta edici\u00f3n, descubra qu\u00e9 es la Divisi\u00f3n de Investigaci\u00f3n Institucional &hellip; <\/p>\n","protected":false},"author":6,"featured_media":13816,"comment_status":"closed","ping_status":"closed","sticky":false,"template":"","format":"standard","meta":{"om_disable_all_campaigns":false,"_monsterinsights_skip_tracking":false,"_monsterinsights_sitenote_active":false,"_monsterinsights_sitenote_note":"","_monsterinsights_sitenote_category":0,"_uf_show_specific_survey":0,"_uf_disable_surveys":false,"footnotes":""},"categories":[122],"tags":[77,89,42,40,41,50,94,93],"class_list":["post-13809","post","type-post","status-publish","format-standard","has-post-thumbnail","hentry","category-al-dia-con-la-diia","tag-2023-2024","tag-graduandos","tag-informe","tag-investigacion-institucional","tag-perfil-de-estudiantes-de-nuevo-ingreso","tag-perfil-de-estudiantes-de-nuevo-ingreso-graduados","tag-plan-estrategico","tag-sondeo-de-salida"],"yoast_head":"<!-- This site is optimized with the Yoast SEO plugin v27.2 - https:\/\/yoast.com\/product\/yoast-seo-wordpress\/ -->\n<title>Al d\u00eda con la DIIA - N\u00famero 1, Volumen 1, Agosto 2024 - Divisi\u00f3n Investigaci\u00f3n Institucional y Aval\u00fao - Universidad de Puerto Rico - Recinto de R\u00edo Piedras - UPRRP<\/title>\n<meta name=\"robots\" content=\"index, follow, max-snippet:-1, max-image-preview:large, max-video-preview:-1\" \/>\n<link rel=\"canonical\" href=\"https:\/\/academicos.uprrp.edu\/diia\/al-dia-con-la-diia-numero-1-volumen-1-agosto-2024\/\" \/>\n<meta property=\"og:locale\" content=\"es_ES\" \/>\n<meta property=\"og:type\" content=\"article\" \/>\n<meta property=\"og:title\" content=\"Al d\u00eda con la DIIA - N\u00famero 1, Volumen 1, Agosto 2024 - Divisi\u00f3n Investigaci\u00f3n Institucional y Aval\u00fao - Universidad de Puerto Rico - Recinto de R\u00edo Piedras - UPRRP\" \/>\n<meta property=\"og:description\" content=\"Al d\u00eda con la DIIA N\u00famero 1, Volumen 1, Agosto 2024 Publicamos la primera edici\u00f3n de nuestra revista electr\u00f3nica. En esta edici\u00f3n, descubra qu\u00e9 es la Divisi\u00f3n de Investigaci\u00f3n Institucional &hellip;\" \/>\n<meta property=\"og:url\" content=\"https:\/\/academicos.uprrp.edu\/diia\/al-dia-con-la-diia-numero-1-volumen-1-agosto-2024\/\" \/>\n<meta property=\"og:site_name\" content=\"Divisi\u00f3n Investigaci\u00f3n Institucional y Aval\u00fao - Universidad de Puerto Rico - Recinto de R\u00edo Piedras - UPRRP\" \/>\n<meta property=\"article:published_time\" content=\"2025-01-16T19:27:20+00:00\" \/>\n<meta property=\"article:modified_time\" content=\"2025-07-07T19:10:58+00:00\" \/>\n<meta property=\"og:image\" content=\"https:\/\/academicos.uprrp.edu\/diia\/wp-content\/uploads\/sites\/5\/2025\/01\/01-01-Agosto2024-Reduced.jpg\" \/>\n\t<meta property=\"og:image:width\" content=\"250\" \/>\n\t<meta property=\"og:image:height\" content=\"322\" \/>\n\t<meta property=\"og:image:type\" content=\"image\/jpeg\" \/>\n<meta name=\"author\" content=\"Divisi\u00f3n de Investigaci\u00f3n Institucional y Aval\u00fao\" \/>\n<meta name=\"twitter:card\" content=\"summary_large_image\" \/>\n<meta name=\"twitter:label1\" content=\"Written by\" \/>\n\t<meta name=\"twitter:data1\" content=\"Divisi\u00f3n de Investigaci\u00f3n Institucional y Aval\u00fao\" \/>\n\t<meta name=\"twitter:label2\" content=\"Est. reading time\" \/>\n\t<meta name=\"twitter:data2\" content=\"1 minuto\" \/>\n<script type=\"application\/ld+json\" class=\"yoast-schema-graph\">{\"@context\":\"https:\/\/schema.org\",\"@graph\":[{\"@type\":\"Article\",\"@id\":\"https:\/\/academicos.uprrp.edu\/diia\/al-dia-con-la-diia-numero-1-volumen-1-agosto-2024\/#article\",\"isPartOf\":{\"@id\":\"https:\/\/academicos.uprrp.edu\/diia\/al-dia-con-la-diia-numero-1-volumen-1-agosto-2024\/\"},\"author\":{\"name\":\"Divisi\u00f3n de Investigaci\u00f3n Institucional y Aval\u00fao\",\"@id\":\"https:\/\/academicos.uprrp.edu\/diia\/#\/schema\/person\/88d1a1badfd609336b2461c0c94ffa49\"},\"headline\":\"Al d\u00eda con la DIIA &#8211; N\u00famero 1, Volumen 1, Agosto 2024\",\"datePublished\":\"2025-01-16T19:27:20+00:00\",\"dateModified\":\"2025-07-07T19:10:58+00:00\",\"mainEntityOfPage\":{\"@id\":\"https:\/\/academicos.uprrp.edu\/diia\/al-dia-con-la-diia-numero-1-volumen-1-agosto-2024\/\"},\"wordCount\":56,\"publisher\":{\"@id\":\"https:\/\/academicos.uprrp.edu\/diia\/#organization\"},\"image\":{\"@id\":\"https:\/\/academicos.uprrp.edu\/diia\/al-dia-con-la-diia-numero-1-volumen-1-agosto-2024\/#primaryimage\"},\"thumbnailUrl\":\"https:\/\/academicos.uprrp.edu\/diia\/wp-content\/uploads\/sites\/5\/2025\/01\/01-01-Agosto2024-Reduced.jpg\",\"keywords\":[\"2023-2024\",\"graduandos\",\"informe\",\"investigaci\u00f3n institucional\",\"perfil de estudiantes de nuevo ingreso\",\"perfil de estudiantes de nuevo ingreso graduados\",\"plan estrat\u00e9gico\",\"sondeo de salida\"],\"articleSection\":[\"Al d\u00eda con la DIIA\"],\"inLanguage\":\"es\"},{\"@type\":\"WebPage\",\"@id\":\"https:\/\/academicos.uprrp.edu\/diia\/al-dia-con-la-diia-numero-1-volumen-1-agosto-2024\/\",\"url\":\"https:\/\/academicos.uprrp.edu\/diia\/al-dia-con-la-diia-numero-1-volumen-1-agosto-2024\/\",\"name\":\"Al d\u00eda con la DIIA - N\u00famero 1, Volumen 1, Agosto 2024 - Divisi\u00f3n Investigaci\u00f3n Institucional y Aval\u00fao - Universidad de Puerto Rico - Recinto de R\u00edo Piedras - UPRRP\",\"isPartOf\":{\"@id\":\"https:\/\/academicos.uprrp.edu\/diia\/#website\"},\"primaryImageOfPage\":{\"@id\":\"https:\/\/academicos.uprrp.edu\/diia\/al-dia-con-la-diia-numero-1-volumen-1-agosto-2024\/#primaryimage\"},\"image\":{\"@id\":\"https:\/\/academicos.uprrp.edu\/diia\/al-dia-con-la-diia-numero-1-volumen-1-agosto-2024\/#primaryimage\"},\"thumbnailUrl\":\"https:\/\/academicos.uprrp.edu\/diia\/wp-content\/uploads\/sites\/5\/2025\/01\/01-01-Agosto2024-Reduced.jpg\",\"datePublished\":\"2025-01-16T19:27:20+00:00\",\"dateModified\":\"2025-07-07T19:10:58+00:00\",\"breadcrumb\":{\"@id\":\"https:\/\/academicos.uprrp.edu\/diia\/al-dia-con-la-diia-numero-1-volumen-1-agosto-2024\/#breadcrumb\"},\"inLanguage\":\"es\",\"potentialAction\":[{\"@type\":\"ReadAction\",\"target\":[\"https:\/\/academicos.uprrp.edu\/diia\/al-dia-con-la-diia-numero-1-volumen-1-agosto-2024\/\"]}]},{\"@type\":\"ImageObject\",\"inLanguage\":\"es\",\"@id\":\"https:\/\/academicos.uprrp.edu\/diia\/al-dia-con-la-diia-numero-1-volumen-1-agosto-2024\/#primaryimage\",\"url\":\"https:\/\/academicos.uprrp.edu\/diia\/wp-content\/uploads\/sites\/5\/2025\/01\/01-01-Agosto2024-Reduced.jpg\",\"contentUrl\":\"https:\/\/academicos.uprrp.edu\/diia\/wp-content\/uploads\/sites\/5\/2025\/01\/01-01-Agosto2024-Reduced.jpg\",\"width\":250,\"height\":322,\"caption\":\"Portada de la revista electr\u00f3nica Al d\u00eda con la DIIA, Agosto 2024\"},{\"@type\":\"BreadcrumbList\",\"@id\":\"https:\/\/academicos.uprrp.edu\/diia\/al-dia-con-la-diia-numero-1-volumen-1-agosto-2024\/#breadcrumb\",\"itemListElement\":[{\"@type\":\"ListItem\",\"position\":1,\"name\":\"Home\",\"item\":\"https:\/\/academicos.uprrp.edu\/diia\/\"},{\"@type\":\"ListItem\",\"position\":2,\"name\":\"Al d\u00eda con la DIIA &#8211; N\u00famero 1, Volumen 1, Agosto 2024\"}]},{\"@type\":\"WebSite\",\"@id\":\"https:\/\/academicos.uprrp.edu\/diia\/#website\",\"url\":\"https:\/\/academicos.uprrp.edu\/diia\/\",\"name\":\"Divisi\u00f3n Investigaci\u00f3n Institucional y Aval\u00fao - Universidad de Puerto Rico - Recinto de R\u00edo Piedras - DIIA - UPRRP\",\"description\":\"Investigaci\u00f3n institucional, aval\u00fao del aprendizaje estudiantil, efectividad institucional, datos institucionales, institutional research, student learning assessment, institutional effectiveness, institutional data\",\"publisher\":{\"@id\":\"https:\/\/academicos.uprrp.edu\/diia\/#organization\"},\"potentialAction\":[{\"@type\":\"SearchAction\",\"target\":{\"@type\":\"EntryPoint\",\"urlTemplate\":\"https:\/\/academicos.uprrp.edu\/diia\/?s={search_term_string}\"},\"query-input\":{\"@type\":\"PropertyValueSpecification\",\"valueRequired\":true,\"valueName\":\"search_term_string\"}}],\"inLanguage\":\"es\"},{\"@type\":\"Organization\",\"@id\":\"https:\/\/academicos.uprrp.edu\/diia\/#organization\",\"name\":\"Divisi\u00f3n de Investigaci\u00f3n Institucional y Aval\u00fao, Universidad de Puerto Rico, Recinto de R\u00edo Piedras\",\"url\":\"https:\/\/academicos.uprrp.edu\/diia\/\",\"logo\":{\"@type\":\"ImageObject\",\"inLanguage\":\"es\",\"@id\":\"https:\/\/academicos.uprrp.edu\/diia\/#\/schema\/logo\/image\/\",\"url\":\"https:\/\/academicos.uprrp.edu\/diia\/wp-content\/uploads\/sites\/5\/2020\/02\/LogoDIIA-Oficial01SelloFondoBlanco.png\",\"contentUrl\":\"https:\/\/academicos.uprrp.edu\/diia\/wp-content\/uploads\/sites\/5\/2020\/02\/LogoDIIA-Oficial01SelloFondoBlanco.png\",\"width\":3038,\"height\":899,\"caption\":\"Divisi\u00f3n de Investigaci\u00f3n Institucional y Aval\u00fao, Universidad de Puerto Rico, Recinto de R\u00edo Piedras\"},\"image\":{\"@id\":\"https:\/\/academicos.uprrp.edu\/diia\/#\/schema\/logo\/image\/\"}},{\"@type\":\"Person\",\"@id\":\"https:\/\/academicos.uprrp.edu\/diia\/#\/schema\/person\/88d1a1badfd609336b2461c0c94ffa49\",\"name\":\"Divisi\u00f3n de Investigaci\u00f3n Institucional y Aval\u00fao\",\"image\":{\"@type\":\"ImageObject\",\"inLanguage\":\"es\",\"@id\":\"https:\/\/secure.gravatar.com\/avatar\/1da843748f06c91fd71af6c6e6d82ada6a6b90595860355ca27ddfe636fa5c0c?s=96&d=mm&r=g\",\"url\":\"https:\/\/secure.gravatar.com\/avatar\/1da843748f06c91fd71af6c6e6d82ada6a6b90595860355ca27ddfe636fa5c0c?s=96&d=mm&r=g\",\"contentUrl\":\"https:\/\/secure.gravatar.com\/avatar\/1da843748f06c91fd71af6c6e6d82ada6a6b90595860355ca27ddfe636fa5c0c?s=96&d=mm&r=g\",\"caption\":\"Divisi\u00f3n de Investigaci\u00f3n Institucional y Aval\u00fao\"}}]}<\/script>\n<!-- \/ Yoast SEO plugin. -->","yoast_head_json":{"title":"Al d\u00eda con la DIIA - N\u00famero 1, Volumen 1, Agosto 2024 - Divisi\u00f3n Investigaci\u00f3n Institucional y Aval\u00fao - Universidad de Puerto Rico - Recinto de R\u00edo Piedras - UPRRP","robots":{"index":"index","follow":"follow","max-snippet":"max-snippet:-1","max-image-preview":"max-image-preview:large","max-video-preview":"max-video-preview:-1"},"canonical":"https:\/\/academicos.uprrp.edu\/diia\/al-dia-con-la-diia-numero-1-volumen-1-agosto-2024\/","og_locale":"es_ES","og_type":"article","og_title":"Al d\u00eda con la DIIA - N\u00famero 1, Volumen 1, Agosto 2024 - Divisi\u00f3n Investigaci\u00f3n Institucional y Aval\u00fao - Universidad de Puerto Rico - Recinto de R\u00edo Piedras - UPRRP","og_description":"Al d\u00eda con la DIIA N\u00famero 1, Volumen 1, Agosto 2024 Publicamos la primera edici\u00f3n de nuestra revista electr\u00f3nica. En esta edici\u00f3n, descubra qu\u00e9 es la Divisi\u00f3n de Investigaci\u00f3n Institucional &hellip;","og_url":"https:\/\/academicos.uprrp.edu\/diia\/al-dia-con-la-diia-numero-1-volumen-1-agosto-2024\/","og_site_name":"Divisi\u00f3n Investigaci\u00f3n Institucional y Aval\u00fao - Universidad de Puerto Rico - Recinto de R\u00edo Piedras - UPRRP","article_published_time":"2025-01-16T19:27:20+00:00","article_modified_time":"2025-07-07T19:10:58+00:00","og_image":[{"width":250,"height":322,"url":"https:\/\/academicos.uprrp.edu\/diia\/wp-content\/uploads\/sites\/5\/2025\/01\/01-01-Agosto2024-Reduced.jpg","type":"image\/jpeg"}],"author":"Divisi\u00f3n de Investigaci\u00f3n Institucional y Aval\u00fao","twitter_card":"summary_large_image","twitter_misc":{"Written by":"Divisi\u00f3n de Investigaci\u00f3n Institucional y Aval\u00fao","Est. reading time":"1 minuto"},"schema":{"@context":"https:\/\/schema.org","@graph":[{"@type":"Article","@id":"https:\/\/academicos.uprrp.edu\/diia\/al-dia-con-la-diia-numero-1-volumen-1-agosto-2024\/#article","isPartOf":{"@id":"https:\/\/academicos.uprrp.edu\/diia\/al-dia-con-la-diia-numero-1-volumen-1-agosto-2024\/"},"author":{"name":"Divisi\u00f3n de Investigaci\u00f3n Institucional y Aval\u00fao","@id":"https:\/\/academicos.uprrp.edu\/diia\/#\/schema\/person\/88d1a1badfd609336b2461c0c94ffa49"},"headline":"Al d\u00eda con la DIIA &#8211; N\u00famero 1, Volumen 1, Agosto 2024","datePublished":"2025-01-16T19:27:20+00:00","dateModified":"2025-07-07T19:10:58+00:00","mainEntityOfPage":{"@id":"https:\/\/academicos.uprrp.edu\/diia\/al-dia-con-la-diia-numero-1-volumen-1-agosto-2024\/"},"wordCount":56,"publisher":{"@id":"https:\/\/academicos.uprrp.edu\/diia\/#organization"},"image":{"@id":"https:\/\/academicos.uprrp.edu\/diia\/al-dia-con-la-diia-numero-1-volumen-1-agosto-2024\/#primaryimage"},"thumbnailUrl":"https:\/\/academicos.uprrp.edu\/diia\/wp-content\/uploads\/sites\/5\/2025\/01\/01-01-Agosto2024-Reduced.jpg","keywords":["2023-2024","graduandos","informe","investigaci\u00f3n institucional","perfil de estudiantes de nuevo ingreso","perfil de estudiantes de nuevo ingreso graduados","plan estrat\u00e9gico","sondeo de salida"],"articleSection":["Al d\u00eda con la DIIA"],"inLanguage":"es"},{"@type":"WebPage","@id":"https:\/\/academicos.uprrp.edu\/diia\/al-dia-con-la-diia-numero-1-volumen-1-agosto-2024\/","url":"https:\/\/academicos.uprrp.edu\/diia\/al-dia-con-la-diia-numero-1-volumen-1-agosto-2024\/","name":"Al d\u00eda con la DIIA - N\u00famero 1, Volumen 1, Agosto 2024 - Divisi\u00f3n Investigaci\u00f3n Institucional y Aval\u00fao - Universidad de Puerto Rico - Recinto de R\u00edo Piedras - UPRRP","isPartOf":{"@id":"https:\/\/academicos.uprrp.edu\/diia\/#website"},"primaryImageOfPage":{"@id":"https:\/\/academicos.uprrp.edu\/diia\/al-dia-con-la-diia-numero-1-volumen-1-agosto-2024\/#primaryimage"},"image":{"@id":"https:\/\/academicos.uprrp.edu\/diia\/al-dia-con-la-diia-numero-1-volumen-1-agosto-2024\/#primaryimage"},"thumbnailUrl":"https:\/\/academicos.uprrp.edu\/diia\/wp-content\/uploads\/sites\/5\/2025\/01\/01-01-Agosto2024-Reduced.jpg","datePublished":"2025-01-16T19:27:20+00:00","dateModified":"2025-07-07T19:10:58+00:00","breadcrumb":{"@id":"https:\/\/academicos.uprrp.edu\/diia\/al-dia-con-la-diia-numero-1-volumen-1-agosto-2024\/#breadcrumb"},"inLanguage":"es","potentialAction":[{"@type":"ReadAction","target":["https:\/\/academicos.uprrp.edu\/diia\/al-dia-con-la-diia-numero-1-volumen-1-agosto-2024\/"]}]},{"@type":"ImageObject","inLanguage":"es","@id":"https:\/\/academicos.uprrp.edu\/diia\/al-dia-con-la-diia-numero-1-volumen-1-agosto-2024\/#primaryimage","url":"https:\/\/academicos.uprrp.edu\/diia\/wp-content\/uploads\/sites\/5\/2025\/01\/01-01-Agosto2024-Reduced.jpg","contentUrl":"https:\/\/academicos.uprrp.edu\/diia\/wp-content\/uploads\/sites\/5\/2025\/01\/01-01-Agosto2024-Reduced.jpg","width":250,"height":322,"caption":"Portada de la revista electr\u00f3nica Al d\u00eda con la DIIA, Agosto 2024"},{"@type":"BreadcrumbList","@id":"https:\/\/academicos.uprrp.edu\/diia\/al-dia-con-la-diia-numero-1-volumen-1-agosto-2024\/#breadcrumb","itemListElement":[{"@type":"ListItem","position":1,"name":"Home","item":"https:\/\/academicos.uprrp.edu\/diia\/"},{"@type":"ListItem","position":2,"name":"Al d\u00eda con la DIIA &#8211; N\u00famero 1, Volumen 1, Agosto 2024"}]},{"@type":"WebSite","@id":"https:\/\/academicos.uprrp.edu\/diia\/#website","url":"https:\/\/academicos.uprrp.edu\/diia\/","name":"Divisi\u00f3n Investigaci\u00f3n Institucional y Aval\u00fao - Universidad de Puerto Rico - Recinto de R\u00edo Piedras - DIIA - UPRRP","description":"Investigaci\u00f3n institucional, aval\u00fao del aprendizaje estudiantil, efectividad institucional, datos institucionales, institutional research, student learning assessment, institutional effectiveness, institutional data","publisher":{"@id":"https:\/\/academicos.uprrp.edu\/diia\/#organization"},"potentialAction":[{"@type":"SearchAction","target":{"@type":"EntryPoint","urlTemplate":"https:\/\/academicos.uprrp.edu\/diia\/?s={search_term_string}"},"query-input":{"@type":"PropertyValueSpecification","valueRequired":true,"valueName":"search_term_string"}}],"inLanguage":"es"},{"@type":"Organization","@id":"https:\/\/academicos.uprrp.edu\/diia\/#organization","name":"Divisi\u00f3n de Investigaci\u00f3n Institucional y Aval\u00fao, Universidad de Puerto Rico, Recinto de R\u00edo Piedras","url":"https:\/\/academicos.uprrp.edu\/diia\/","logo":{"@type":"ImageObject","inLanguage":"es","@id":"https:\/\/academicos.uprrp.edu\/diia\/#\/schema\/logo\/image\/","url":"https:\/\/academicos.uprrp.edu\/diia\/wp-content\/uploads\/sites\/5\/2020\/02\/LogoDIIA-Oficial01SelloFondoBlanco.png","contentUrl":"https:\/\/academicos.uprrp.edu\/diia\/wp-content\/uploads\/sites\/5\/2020\/02\/LogoDIIA-Oficial01SelloFondoBlanco.png","width":3038,"height":899,"caption":"Divisi\u00f3n de Investigaci\u00f3n Institucional y Aval\u00fao, Universidad de Puerto Rico, Recinto de R\u00edo Piedras"},"image":{"@id":"https:\/\/academicos.uprrp.edu\/diia\/#\/schema\/logo\/image\/"}},{"@type":"Person","@id":"https:\/\/academicos.uprrp.edu\/diia\/#\/schema\/person\/88d1a1badfd609336b2461c0c94ffa49","name":"Divisi\u00f3n de Investigaci\u00f3n Institucional y Aval\u00fao","image":{"@type":"ImageObject","inLanguage":"es","@id":"https:\/\/secure.gravatar.com\/avatar\/1da843748f06c91fd71af6c6e6d82ada6a6b90595860355ca27ddfe636fa5c0c?s=96&d=mm&r=g","url":"https:\/\/secure.gravatar.com\/avatar\/1da843748f06c91fd71af6c6e6d82ada6a6b90595860355ca27ddfe636fa5c0c?s=96&d=mm&r=g","contentUrl":"https:\/\/secure.gravatar.com\/avatar\/1da843748f06c91fd71af6c6e6d82ada6a6b90595860355ca27ddfe636fa5c0c?s=96&d=mm&r=g","caption":"Divisi\u00f3n de Investigaci\u00f3n Institucional y Aval\u00fao"}}]}},"aioseo_notices":[],"_links":{"self":[{"href":"https:\/\/academicos.uprrp.edu\/diia\/wp-json\/wp\/v2\/posts\/13809","targetHints":{"allow":["GET"]}}],"collection":[{"href":"https:\/\/academicos.uprrp.edu\/diia\/wp-json\/wp\/v2\/posts"}],"about":[{"href":"https:\/\/academicos.uprrp.edu\/diia\/wp-json\/wp\/v2\/types\/post"}],"author":[{"embeddable":true,"href":"https:\/\/academicos.uprrp.edu\/diia\/wp-json\/wp\/v2\/users\/6"}],"replies":[{"embeddable":true,"href":"https:\/\/academicos.uprrp.edu\/diia\/wp-json\/wp\/v2\/comments?post=13809"}],"version-history":[{"count":13,"href":"https:\/\/academicos.uprrp.edu\/diia\/wp-json\/wp\/v2\/posts\/13809\/revisions"}],"predecessor-version":[{"id":14126,"href":"https:\/\/academicos.uprrp.edu\/diia\/wp-json\/wp\/v2\/posts\/13809\/revisions\/14126"}],"wp:featuredmedia":[{"embeddable":true,"href":"https:\/\/academicos.uprrp.edu\/diia\/wp-json\/wp\/v2\/media\/13816"}],"wp:attachment":[{"href":"https:\/\/academicos.uprrp.edu\/diia\/wp-json\/wp\/v2\/media?parent=13809"}],"wp:term":[{"taxonomy":"category","embeddable":true,"href":"https:\/\/academicos.uprrp.edu\/diia\/wp-json\/wp\/v2\/categories?post=13809"},{"taxonomy":"post_tag","embeddable":true,"href":"https:\/\/academicos.uprrp.edu\/diia\/wp-json\/wp\/v2\/tags?post=13809"}],"curies":[{"name":"wp","href":"https:\/\/api.w.org\/{rel}","templated":true}]}}