{"id":13190,"date":"2024-02-29T11:18:37","date_gmt":"2024-02-29T15:18:37","guid":{"rendered":"https:\/\/academicos.uprrp.edu\/diia\/?p=13190"},"modified":"2024-02-29T11:19:23","modified_gmt":"2024-02-29T15:19:23","slug":"visualizaciones-acualizadas-febrero-2024","status":"publish","type":"post","link":"https:\/\/academicos.uprrp.edu\/diia\/visualizaciones-acualizadas-febrero-2024\/","title":{"rendered":"Visualizaciones acualizadas para el segundo semestre 2023-24 y trimestres 2021-22, 2022-23 y 2023-24"},"content":{"rendered":"\t\t<div data-elementor-type=\"wp-post\" data-elementor-id=\"13190\" class=\"elementor elementor-13190\">\n\t\t\t\t\t\t<section class=\"elementor-section elementor-top-section elementor-element elementor-element-7d5c049 elementor-section-boxed elementor-section-height-default elementor-section-height-default\" data-id=\"7d5c049\" data-element_type=\"section\" data-e-type=\"section\">\n\t\t\t\t\t\t<div class=\"elementor-container elementor-column-gap-default\">\n\t\t\t\t\t<div class=\"elementor-column elementor-col-100 elementor-top-column elementor-element elementor-element-3b6a7ec9\" data-id=\"3b6a7ec9\" data-element_type=\"column\" data-e-type=\"column\">\n\t\t\t<div class=\"elementor-widget-wrap elementor-element-populated\">\n\t\t\t\t\t\t<div class=\"elementor-element elementor-element-628d4d26 elementor-widget elementor-widget-text-editor\" data-id=\"628d4d26\" data-element_type=\"widget\" data-e-type=\"widget\" data-widget_type=\"text-editor.default\">\n\t\t\t\t<div class=\"elementor-widget-container\">\n\t\t\t\t\t\t\t\t\t<p>Actualizamos nuestras visualizaciones tipo \u00abdashboards\u00bb en nuestro <em>Cat\u00e1logo de datos <\/em>con los datos del segundo semestre del a\u00f1o acad\u00e9mico 2023-2024.\u00a0Adem\u00e1s, las visualizaciones ahora incorporan los datos correspondientes a los programas acad\u00e9micos trimestrales del Recinto de R\u00edo Piedras.<\/p><p>Puede acceder a nuestras visualizaciones actualizadas a continuaci\u00f3n:<\/p>\t\t\t\t\t\t\t\t<\/div>\n\t\t\t\t<\/div>\n\t\t\t\t\t<\/div>\n\t\t<\/div>\n\t\t\t\t\t<\/div>\n\t\t<\/section>\n\t\t\t\t<section class=\"elementor-section elementor-top-section elementor-element elementor-element-2a82d14 elementor-section-boxed elementor-section-height-default elementor-section-height-default\" data-id=\"2a82d14\" data-element_type=\"section\" data-e-type=\"section\">\n\t\t\t\t\t\t<div class=\"elementor-container elementor-column-gap-default\">\n\t\t\t\t\t<div class=\"elementor-column elementor-col-20 elementor-top-column elementor-element elementor-element-e5a9582\" data-id=\"e5a9582\" data-element_type=\"column\" data-e-type=\"column\">\n\t\t\t<div class=\"elementor-widget-wrap elementor-element-populated\">\n\t\t\t\t\t\t<div class=\"elementor-element elementor-element-9cc15ca elementor-position-top elementor-widget elementor-widget-image-box\" data-id=\"9cc15ca\" data-element_type=\"widget\" data-e-type=\"widget\" data-widget_type=\"image-box.default\">\n\t\t\t\t<div class=\"elementor-widget-container\">\n\t\t\t\t\t<div class=\"elementor-image-box-wrapper\"><figure class=\"elementor-image-box-img\"><a href=\"https:\/\/app.powerbi.com\/view?r=eyJrIjoiOTViMGQxNGItN2ZlZC00MjFlLTg2NGYtNjhkMWE0YTU0MWZkIiwidCI6IjBkZmE1ZGMwLTAzNmYtNDYxNS05OWU0LTk0YWY4MjJmMmI4NCIsImMiOjF9&#038;pageName=ReportSection91760bfc3062557311b3\" target=\"_blank\" tabindex=\"-1\"><img fetchpriority=\"high\" decoding=\"async\" width=\"597\" height=\"377\" src=\"https:\/\/academicos.uprrp.edu\/diia\/wp-content\/uploads\/sites\/5\/2022\/08\/MatriculaTotalDashboard02.png\" class=\"attachment-full size-full wp-image-12037\" alt=\"\" srcset=\"https:\/\/academicos.uprrp.edu\/diia\/wp-content\/uploads\/sites\/5\/2022\/08\/MatriculaTotalDashboard02.png 597w, https:\/\/academicos.uprrp.edu\/diia\/wp-content\/uploads\/sites\/5\/2022\/08\/MatriculaTotalDashboard02-300x189.png 300w\" sizes=\"(max-width: 597px) 100vw, 597px\" \/><\/a><\/figure><div class=\"elementor-image-box-content\"><h4 class=\"elementor-image-box-title\"><a href=\"https:\/\/app.powerbi.com\/view?r=eyJrIjoiOTViMGQxNGItN2ZlZC00MjFlLTg2NGYtNjhkMWE0YTU0MWZkIiwidCI6IjBkZmE1ZGMwLTAzNmYtNDYxNS05OWU0LTk0YWY4MjJmMmI4NCIsImMiOjF9&#038;pageName=ReportSection91760bfc3062557311b3\" target=\"_blank\">Dashboard de matr\u00edcula total y FTE (full time equivalent)<\/a><\/h4><p class=\"elementor-image-box-description\">Este tablero interactivo presenta la matr\u00edcula total y equivalente a regular por nivel y facultad para m\u00faltiples a\u00f1os acad\u00e9micos. Estos datos son oficiales a una fecha de corte espec\u00edfica, por lo que no var\u00edan a trav\u00e9s del tiempo.<\/p><\/div><\/div>\t\t\t\t<\/div>\n\t\t\t\t<\/div>\n\t\t\t\t\t<\/div>\n\t\t<\/div>\n\t\t\t\t<div class=\"elementor-column elementor-col-20 elementor-top-column elementor-element elementor-element-39a6c48\" data-id=\"39a6c48\" data-element_type=\"column\" data-e-type=\"column\">\n\t\t\t<div class=\"elementor-widget-wrap elementor-element-populated\">\n\t\t\t\t\t\t<div class=\"elementor-element elementor-element-a2fb3a0 elementor-position-top elementor-widget elementor-widget-image-box\" data-id=\"a2fb3a0\" data-element_type=\"widget\" data-e-type=\"widget\" data-widget_type=\"image-box.default\">\n\t\t\t\t<div class=\"elementor-widget-container\">\n\t\t\t\t\t<div class=\"elementor-image-box-wrapper\"><figure class=\"elementor-image-box-img\"><a href=\"https:\/\/app.powerbi.com\/view?r=eyJrIjoiYzMzZGNiMGYtZDAwYS00NTY2LWFhOTktYjQwYjJiOGEyZTUzIiwidCI6IjBkZmE1ZGMwLTAzNmYtNDYxNS05OWU0LTk0YWY4MjJmMmI4NCIsImMiOjF9&#038;pageName=ReportSection4d5279d939213328f8a6\" target=\"_blank\" tabindex=\"-1\"><img decoding=\"async\" width=\"597\" height=\"377\" src=\"https:\/\/academicos.uprrp.edu\/diia\/wp-content\/uploads\/sites\/5\/2022\/08\/DashboardMatriculaSubgraduada02.png\" class=\"attachment-full size-full wp-image-12039\" alt=\"\" srcset=\"https:\/\/academicos.uprrp.edu\/diia\/wp-content\/uploads\/sites\/5\/2022\/08\/DashboardMatriculaSubgraduada02.png 597w, https:\/\/academicos.uprrp.edu\/diia\/wp-content\/uploads\/sites\/5\/2022\/08\/DashboardMatriculaSubgraduada02-300x189.png 300w\" sizes=\"(max-width: 597px) 100vw, 597px\" \/><\/a><\/figure><div class=\"elementor-image-box-content\"><h4 class=\"elementor-image-box-title\"><a href=\"https:\/\/app.powerbi.com\/view?r=eyJrIjoiYzMzZGNiMGYtZDAwYS00NTY2LWFhOTktYjQwYjJiOGEyZTUzIiwidCI6IjBkZmE1ZGMwLTAzNmYtNDYxNS05OWU0LTk0YWY4MjJmMmI4NCIsImMiOjF9&#038;pageName=ReportSection4d5279d939213328f8a6\" target=\"_blank\">Dashboard de matr\u00edcula subgraduada de nuevo ingreso<\/a><\/h4><p class=\"elementor-image-box-description\">Tablero interactivo con la matr\u00edcula de estudiantes subgraduados de nuevo ingreso por nivel y facultad para m\u00faltiples a\u00f1os acad\u00e9micos. Estos datos son oficiales a una fecha de corte espec\u00edfica, por lo que no var\u00edan a trav\u00e9s del tiempo.<\/p><\/div><\/div>\t\t\t\t<\/div>\n\t\t\t\t<\/div>\n\t\t\t\t\t<\/div>\n\t\t<\/div>\n\t\t\t\t<div class=\"elementor-column elementor-col-20 elementor-top-column elementor-element elementor-element-a6f4da7\" data-id=\"a6f4da7\" data-element_type=\"column\" data-e-type=\"column\">\n\t\t\t<div class=\"elementor-widget-wrap elementor-element-populated\">\n\t\t\t\t\t\t<div class=\"elementor-element elementor-element-39fa767 elementor-position-top elementor-widget elementor-widget-image-box\" data-id=\"39fa767\" data-element_type=\"widget\" data-e-type=\"widget\" data-widget_type=\"image-box.default\">\n\t\t\t\t<div class=\"elementor-widget-container\">\n\t\t\t\t\t<div class=\"elementor-image-box-wrapper\"><figure class=\"elementor-image-box-img\"><a href=\"https:\/\/app.powerbi.com\/view?r=eyJrIjoiYmMwYjE5NWYtZWJkNS00Y2ExLWFhNDctMDBjNDRmZWFlMTQzIiwidCI6IjBkZmE1ZGMwLTAzNmYtNDYxNS05OWU0LTk0YWY4MjJmMmI4NCIsImMiOjF9\" target=\"_blank\" tabindex=\"-1\"><img decoding=\"async\" width=\"597\" height=\"377\" src=\"https:\/\/academicos.uprrp.edu\/diia\/wp-content\/uploads\/sites\/5\/2022\/08\/DashboardMatriculaGraduada02.png\" class=\"attachment-full size-full wp-image-12040\" alt=\"\" srcset=\"https:\/\/academicos.uprrp.edu\/diia\/wp-content\/uploads\/sites\/5\/2022\/08\/DashboardMatriculaGraduada02.png 597w, https:\/\/academicos.uprrp.edu\/diia\/wp-content\/uploads\/sites\/5\/2022\/08\/DashboardMatriculaGraduada02-300x189.png 300w\" sizes=\"(max-width: 597px) 100vw, 597px\" \/><\/a><\/figure><div class=\"elementor-image-box-content\"><h4 class=\"elementor-image-box-title\"><a href=\"https:\/\/app.powerbi.com\/view?r=eyJrIjoiYmMwYjE5NWYtZWJkNS00Y2ExLWFhNDctMDBjNDRmZWFlMTQzIiwidCI6IjBkZmE1ZGMwLTAzNmYtNDYxNS05OWU0LTk0YWY4MjJmMmI4NCIsImMiOjF9\" target=\"_blank\">Dashboard de matr\u00edcula graduada de nuevo ingreso<\/a><\/h4><p class=\"elementor-image-box-description\">Tablero interactivo con la matr\u00edcula de estudiantes graduados de nuevo ingreso por nivel y facultad para m\u00faltiples a\u00f1os acad\u00e9micos. Estos datos son oficiales a una fecha de corte espec\u00edfica, por lo que no var\u00edan a trav\u00e9s del tiempo.<\/p><\/div><\/div>\t\t\t\t<\/div>\n\t\t\t\t<\/div>\n\t\t\t\t\t<\/div>\n\t\t<\/div>\n\t\t\t\t<div class=\"elementor-column elementor-col-20 elementor-top-column elementor-element elementor-element-a391b27\" data-id=\"a391b27\" data-element_type=\"column\" data-e-type=\"column\">\n\t\t\t<div class=\"elementor-widget-wrap elementor-element-populated\">\n\t\t\t\t\t\t<div class=\"elementor-element elementor-element-240dfd7 elementor-position-top elementor-widget elementor-widget-image-box\" data-id=\"240dfd7\" data-element_type=\"widget\" data-e-type=\"widget\" data-widget_type=\"image-box.default\">\n\t\t\t\t<div class=\"elementor-widget-container\">\n\t\t\t\t\t<div class=\"elementor-image-box-wrapper\"><figure class=\"elementor-image-box-img\"><a href=\"https:\/\/app.powerbi.com\/view?r=eyJrIjoiNTBiMTJiOWUtMGNkNi00Njc1LWFjNjItNTFlZTNjNzUxYzRlIiwidCI6IjBkZmE1ZGMwLTAzNmYtNDYxNS05OWU0LTk0YWY4MjJmMmI4NCIsImMiOjF9&#038;pageName=ReportSection21bba1c1c5ee0c997f9c\" target=\"_blank\" tabindex=\"-1\"><img loading=\"lazy\" decoding=\"async\" width=\"597\" height=\"377\" src=\"https:\/\/academicos.uprrp.edu\/diia\/wp-content\/uploads\/sites\/5\/2021\/05\/EmpleadosDashboard.png\" class=\"attachment-full size-full wp-image-10974\" alt=\"\" srcset=\"https:\/\/academicos.uprrp.edu\/diia\/wp-content\/uploads\/sites\/5\/2021\/05\/EmpleadosDashboard.png 597w, https:\/\/academicos.uprrp.edu\/diia\/wp-content\/uploads\/sites\/5\/2021\/05\/EmpleadosDashboard-300x189.png 300w\" sizes=\"(max-width: 597px) 100vw, 597px\" \/><\/a><\/figure><div class=\"elementor-image-box-content\"><h4 class=\"elementor-image-box-title\"><a href=\"https:\/\/app.powerbi.com\/view?r=eyJrIjoiNTBiMTJiOWUtMGNkNi00Njc1LWFjNjItNTFlZTNjNzUxYzRlIiwidCI6IjBkZmE1ZGMwLTAzNmYtNDYxNS05OWU0LTk0YWY4MjJmMmI4NCIsImMiOjF9&#038;pageName=ReportSection21bba1c1c5ee0c997f9c\" target=\"_blank\">Dashboard de empleados<\/a><\/h4><p class=\"elementor-image-box-description\">Tablero interactivo con m\u00faltiples estad\u00edsticas del personal del recinto para varios a\u00f1os acad\u00e9micos. Estos datos son oficiales a una fecha de corte espec\u00edfica, por lo que no var\u00edan a trav\u00e9s del tiempo.<\/p><\/div><\/div>\t\t\t\t<\/div>\n\t\t\t\t<\/div>\n\t\t\t\t\t<\/div>\n\t\t<\/div>\n\t\t\t\t<div class=\"elementor-column elementor-col-20 elementor-top-column elementor-element elementor-element-a550e24\" data-id=\"a550e24\" data-element_type=\"column\" data-e-type=\"column\">\n\t\t\t<div class=\"elementor-widget-wrap elementor-element-populated\">\n\t\t\t\t\t\t<div class=\"elementor-element elementor-element-fa04f87 elementor-position-top elementor-widget elementor-widget-image-box\" data-id=\"fa04f87\" data-element_type=\"widget\" data-e-type=\"widget\" data-widget_type=\"image-box.default\">\n\t\t\t\t<div class=\"elementor-widget-container\">\n\t\t\t\t\t<div class=\"elementor-image-box-wrapper\"><figure class=\"elementor-image-box-img\"><a href=\"https:\/\/app.powerbi.com\/view?r=eyJrIjoiZjU3YjRmZDUtNzUxMy00MGY1LWE3OGItMWE3YzNkNDJmMDUxIiwidCI6IjBkZmE1ZGMwLTAzNmYtNDYxNS05OWU0LTk0YWY4MjJmMmI4NCIsImMiOjF9\" target=\"_blank\" tabindex=\"-1\"><img loading=\"lazy\" decoding=\"async\" width=\"597\" height=\"377\" src=\"https:\/\/academicos.uprrp.edu\/diia\/wp-content\/uploads\/sites\/5\/2022\/08\/OfertaCursosDashboard02.png\" class=\"attachment-full size-full wp-image-12041\" alt=\"\" srcset=\"https:\/\/academicos.uprrp.edu\/diia\/wp-content\/uploads\/sites\/5\/2022\/08\/OfertaCursosDashboard02.png 597w, https:\/\/academicos.uprrp.edu\/diia\/wp-content\/uploads\/sites\/5\/2022\/08\/OfertaCursosDashboard02-300x189.png 300w\" sizes=\"(max-width: 597px) 100vw, 597px\" \/><\/a><\/figure><div class=\"elementor-image-box-content\"><h4 class=\"elementor-image-box-title\"><a href=\"https:\/\/app.powerbi.com\/view?r=eyJrIjoiZjU3YjRmZDUtNzUxMy00MGY1LWE3OGItMWE3YzNkNDJmMDUxIiwidCI6IjBkZmE1ZGMwLTAzNmYtNDYxNS05OWU0LTk0YWY4MjJmMmI4NCIsImMiOjF9\" target=\"_blank\">Dashboard de la oferta de cursos<\/a><\/h4><p class=\"elementor-image-box-description\">Tablero interactivo con el detalle de la oferta de cursos para m\u00faltiples a\u00f1os acad\u00e9micos. Estos datos son oficiales a una fecha de corte espec\u00edfica, por lo que no var\u00edan a trav\u00e9s del tiempo.<\/p><\/div><\/div>\t\t\t\t<\/div>\n\t\t\t\t<\/div>\n\t\t\t\t\t<\/div>\n\t\t<\/div>\n\t\t\t\t\t<\/div>\n\t\t<\/section>\n\t\t\t\t<section class=\"elementor-section elementor-top-section elementor-element elementor-element-bf5e411 elementor-section-boxed elementor-section-height-default elementor-section-height-default\" data-id=\"bf5e411\" data-element_type=\"section\" data-e-type=\"section\">\n\t\t\t\t\t\t<div class=\"elementor-container elementor-column-gap-default\">\n\t\t\t\t\t<div class=\"elementor-column elementor-col-100 elementor-top-column elementor-element elementor-element-cc2ec11\" data-id=\"cc2ec11\" data-element_type=\"column\" data-e-type=\"column\">\n\t\t\t<div class=\"elementor-widget-wrap elementor-element-populated\">\n\t\t\t\t\t\t<div class=\"elementor-element elementor-element-c34857c elementor-widget elementor-widget-text-editor\" data-id=\"c34857c\" data-element_type=\"widget\" data-e-type=\"widget\" data-widget_type=\"text-editor.default\">\n\t\t\t\t<div class=\"elementor-widget-container\">\n\t\t\t\t\t\t\t\t\t<p><span style=\"color: var( --e-global-color-text ); font-family: var( --e-global-typography-text-font-family ), Sans-serif; font-weight: var( --e-global-typography-text-font-weight ); font-size: var(--thim-font-body-font-size);\">Adem\u00e1s de nuestros \u00abdashboards\u00bb, tambi\u00e9n contamos con m\u00faltiples otras tablas con datos institucionales de inter\u00e9s. Le invitamos a visitar nuestro <\/span><em style=\"color: var( --e-global-color-text ); font-family: var( --e-global-typography-text-font-family ), Sans-serif; font-weight: var( --e-global-typography-text-font-weight ); font-size: var(--thim-font-body-font-size);\">Cat\u00e1logo de datos<\/em><span style=\"color: var( --e-global-color-text ); font-family: var( --e-global-typography-text-font-family ), Sans-serif; font-weight: var( --e-global-typography-text-font-weight ); font-size: var(--thim-font-body-font-size);\"> en el \u00e1rea de datos institucionales de nuestra p\u00e1gina:<\/span><\/p><p><blockquote class=\"wp-embedded-content\" data-secret=\"JJXGIjuCnc\"><a href=\"https:\/\/academicos.uprrp.edu\/diia\/datos-institucionales\/\">Datos institucionales<\/a><\/blockquote><iframe class=\"wp-embedded-content\" sandbox=\"allow-scripts\" security=\"restricted\" style=\"position: absolute; clip: rect(1px, 1px, 1px, 1px);\" title=\"&#171;Datos institucionales&#187; &#8212; Divisi\u00f3n Investigaci\u00f3n Institucional y Aval\u00fao - Universidad de Puerto Rico - Recinto de R\u00edo Piedras - UPRRP\" src=\"https:\/\/academicos.uprrp.edu\/diia\/datos-institucionales\/embed\/#?secret=gNNIh4IN8M#?secret=JJXGIjuCnc\" data-secret=\"JJXGIjuCnc\" width=\"600\" height=\"338\" frameborder=\"0\" marginwidth=\"0\" marginheight=\"0\" scrolling=\"no\"><\/iframe><\/p>\t\t\t\t\t\t\t\t<\/div>\n\t\t\t\t<\/div>\n\t\t\t\t\t<\/div>\n\t\t<\/div>\n\t\t\t\t\t<\/div>\n\t\t<\/section>\n\t\t\t\t<\/div>\n\t\t","protected":false},"excerpt":{"rendered":"<p>Actualizamos nuestras visualizaciones tipo \u00abdashboards\u00bb en nuestro Cat\u00e1logo de datos con los datos del segundo semestre del a\u00f1o acad\u00e9mico 2023-2024.\u00a0Adem\u00e1s, las visualizaciones ahora incorporan los datos correspondientes a los programas &hellip; <\/p>\n","protected":false},"author":6,"featured_media":0,"comment_status":"closed","ping_status":"closed","sticky":false,"template":"","format":"standard","meta":{"om_disable_all_campaigns":false,"_monsterinsights_skip_tracking":false,"_monsterinsights_sitenote_active":false,"_monsterinsights_sitenote_note":"","_monsterinsights_sitenote_category":0,"_uf_show_specific_survey":0,"_uf_disable_surveys":false,"footnotes":""},"categories":[44,37],"tags":[77,99,45,97,65,49,47,96,98],"class_list":["post-13190","post","type-post","status-publish","format-standard","hentry","category-datos-institucionales","category-aviso","tag-2023-2024","tag-empleados","tag-matricula","tag-matricula-equivalente-a-regular","tag-matricula-total","tag-oferta-de-cursos","tag-segundo-semestre","tag-trimestres","tag-visualizaciones"],"yoast_head":"<!-- This site is optimized with the Yoast SEO plugin v27.2 - https:\/\/yoast.com\/product\/yoast-seo-wordpress\/ -->\n<title>Visualizaciones acualizadas para el segundo semestre 2023-24 y trimestres 2021-22, 2022-23 y 2023-24 - Divisi\u00f3n Investigaci\u00f3n Institucional y Aval\u00fao - Universidad de Puerto Rico - Recinto de R\u00edo Piedras - UPRRP<\/title>\n<meta name=\"robots\" content=\"index, follow, max-snippet:-1, max-image-preview:large, max-video-preview:-1\" \/>\n<link rel=\"canonical\" href=\"https:\/\/academicos.uprrp.edu\/diia\/visualizaciones-acualizadas-febrero-2024\/\" \/>\n<meta property=\"og:locale\" content=\"es_ES\" \/>\n<meta property=\"og:type\" content=\"article\" \/>\n<meta property=\"og:title\" content=\"Visualizaciones acualizadas para el segundo semestre 2023-24 y trimestres 2021-22, 2022-23 y 2023-24 - Divisi\u00f3n Investigaci\u00f3n Institucional y Aval\u00fao - Universidad de Puerto Rico - Recinto de R\u00edo Piedras - UPRRP\" \/>\n<meta property=\"og:description\" content=\"Actualizamos nuestras visualizaciones tipo \u00abdashboards\u00bb en nuestro Cat\u00e1logo de datos con los datos del segundo semestre del a\u00f1o acad\u00e9mico 2023-2024.\u00a0Adem\u00e1s, las visualizaciones ahora incorporan los datos correspondientes a los programas &hellip;\" \/>\n<meta property=\"og:url\" content=\"https:\/\/academicos.uprrp.edu\/diia\/visualizaciones-acualizadas-febrero-2024\/\" \/>\n<meta property=\"og:site_name\" content=\"Divisi\u00f3n Investigaci\u00f3n Institucional y Aval\u00fao - Universidad de Puerto Rico - Recinto de R\u00edo Piedras - UPRRP\" \/>\n<meta property=\"article:published_time\" content=\"2024-02-29T15:18:37+00:00\" \/>\n<meta property=\"article:modified_time\" content=\"2024-02-29T15:19:23+00:00\" \/>\n<meta property=\"og:image\" content=\"https:\/\/academicos.uprrp.edu\/diia\/wp-content\/uploads\/sites\/5\/2022\/08\/MatriculaTotalDashboard02.png\" \/>\n<meta name=\"author\" content=\"Divisi\u00f3n de Investigaci\u00f3n Institucional y Aval\u00fao\" \/>\n<meta name=\"twitter:card\" content=\"summary_large_image\" \/>\n<meta name=\"twitter:label1\" content=\"Written by\" \/>\n\t<meta name=\"twitter:data1\" content=\"Divisi\u00f3n de Investigaci\u00f3n Institucional y Aval\u00fao\" \/>\n\t<meta name=\"twitter:label2\" content=\"Est. reading time\" \/>\n\t<meta name=\"twitter:data2\" content=\"3 minutos\" \/>\n<script type=\"application\/ld+json\" class=\"yoast-schema-graph\">{\"@context\":\"https:\/\/schema.org\",\"@graph\":[{\"@type\":\"Article\",\"@id\":\"https:\/\/academicos.uprrp.edu\/diia\/visualizaciones-acualizadas-febrero-2024\/#article\",\"isPartOf\":{\"@id\":\"https:\/\/academicos.uprrp.edu\/diia\/visualizaciones-acualizadas-febrero-2024\/\"},\"author\":{\"name\":\"Divisi\u00f3n de Investigaci\u00f3n Institucional y Aval\u00fao\",\"@id\":\"https:\/\/academicos.uprrp.edu\/diia\/#\/schema\/person\/88d1a1badfd609336b2461c0c94ffa49\"},\"headline\":\"Visualizaciones acualizadas para el segundo semestre 2023-24 y trimestres 2021-22, 2022-23 y 2023-24\",\"datePublished\":\"2024-02-29T15:18:37+00:00\",\"dateModified\":\"2024-02-29T15:19:23+00:00\",\"mainEntityOfPage\":{\"@id\":\"https:\/\/academicos.uprrp.edu\/diia\/visualizaciones-acualizadas-febrero-2024\/\"},\"wordCount\":358,\"publisher\":{\"@id\":\"https:\/\/academicos.uprrp.edu\/diia\/#organization\"},\"image\":{\"@id\":\"https:\/\/academicos.uprrp.edu\/diia\/visualizaciones-acualizadas-febrero-2024\/#primaryimage\"},\"thumbnailUrl\":\"https:\/\/academicos.uprrp.edu\/diia\/wp-content\/uploads\/sites\/5\/2022\/08\/MatriculaTotalDashboard02.png\",\"keywords\":[\"2023-2024\",\"empleados\",\"matr\u00edcula\",\"matr\u00edcula equivalente a regular\",\"matr\u00edcula total\",\"oferta de cursos\",\"segundo semestre\",\"trimestres\",\"visualizaciones\"],\"articleSection\":[\"Datos Institucionales\",\"Lo m\u00e1s reciente\"],\"inLanguage\":\"es\"},{\"@type\":\"WebPage\",\"@id\":\"https:\/\/academicos.uprrp.edu\/diia\/visualizaciones-acualizadas-febrero-2024\/\",\"url\":\"https:\/\/academicos.uprrp.edu\/diia\/visualizaciones-acualizadas-febrero-2024\/\",\"name\":\"Visualizaciones acualizadas para el segundo semestre 2023-24 y trimestres 2021-22, 2022-23 y 2023-24 - Divisi\u00f3n Investigaci\u00f3n Institucional y Aval\u00fao - Universidad de Puerto Rico - Recinto de R\u00edo Piedras - UPRRP\",\"isPartOf\":{\"@id\":\"https:\/\/academicos.uprrp.edu\/diia\/#website\"},\"primaryImageOfPage\":{\"@id\":\"https:\/\/academicos.uprrp.edu\/diia\/visualizaciones-acualizadas-febrero-2024\/#primaryimage\"},\"image\":{\"@id\":\"https:\/\/academicos.uprrp.edu\/diia\/visualizaciones-acualizadas-febrero-2024\/#primaryimage\"},\"thumbnailUrl\":\"https:\/\/academicos.uprrp.edu\/diia\/wp-content\/uploads\/sites\/5\/2022\/08\/MatriculaTotalDashboard02.png\",\"datePublished\":\"2024-02-29T15:18:37+00:00\",\"dateModified\":\"2024-02-29T15:19:23+00:00\",\"breadcrumb\":{\"@id\":\"https:\/\/academicos.uprrp.edu\/diia\/visualizaciones-acualizadas-febrero-2024\/#breadcrumb\"},\"inLanguage\":\"es\",\"potentialAction\":[{\"@type\":\"ReadAction\",\"target\":[\"https:\/\/academicos.uprrp.edu\/diia\/visualizaciones-acualizadas-febrero-2024\/\"]}]},{\"@type\":\"ImageObject\",\"inLanguage\":\"es\",\"@id\":\"https:\/\/academicos.uprrp.edu\/diia\/visualizaciones-acualizadas-febrero-2024\/#primaryimage\",\"url\":\"https:\/\/academicos.uprrp.edu\/diia\/wp-content\/uploads\/sites\/5\/2022\/08\/MatriculaTotalDashboard02.png\",\"contentUrl\":\"https:\/\/academicos.uprrp.edu\/diia\/wp-content\/uploads\/sites\/5\/2022\/08\/MatriculaTotalDashboard02.png\",\"width\":597,\"height\":377},{\"@type\":\"BreadcrumbList\",\"@id\":\"https:\/\/academicos.uprrp.edu\/diia\/visualizaciones-acualizadas-febrero-2024\/#breadcrumb\",\"itemListElement\":[{\"@type\":\"ListItem\",\"position\":1,\"name\":\"Home\",\"item\":\"https:\/\/academicos.uprrp.edu\/diia\/\"},{\"@type\":\"ListItem\",\"position\":2,\"name\":\"Visualizaciones acualizadas para el segundo semestre 2023-24 y trimestres 2021-22, 2022-23 y 2023-24\"}]},{\"@type\":\"WebSite\",\"@id\":\"https:\/\/academicos.uprrp.edu\/diia\/#website\",\"url\":\"https:\/\/academicos.uprrp.edu\/diia\/\",\"name\":\"Divisi\u00f3n Investigaci\u00f3n Institucional y Aval\u00fao - Universidad de Puerto Rico - Recinto de R\u00edo Piedras - DIIA - UPRRP\",\"description\":\"Investigaci\u00f3n institucional, aval\u00fao del aprendizaje estudiantil, efectividad institucional, datos institucionales, institutional research, student learning assessment, institutional effectiveness, institutional data\",\"publisher\":{\"@id\":\"https:\/\/academicos.uprrp.edu\/diia\/#organization\"},\"potentialAction\":[{\"@type\":\"SearchAction\",\"target\":{\"@type\":\"EntryPoint\",\"urlTemplate\":\"https:\/\/academicos.uprrp.edu\/diia\/?s={search_term_string}\"},\"query-input\":{\"@type\":\"PropertyValueSpecification\",\"valueRequired\":true,\"valueName\":\"search_term_string\"}}],\"inLanguage\":\"es\"},{\"@type\":\"Organization\",\"@id\":\"https:\/\/academicos.uprrp.edu\/diia\/#organization\",\"name\":\"Divisi\u00f3n de Investigaci\u00f3n Institucional y Aval\u00fao, Universidad de Puerto Rico, Recinto de R\u00edo Piedras\",\"url\":\"https:\/\/academicos.uprrp.edu\/diia\/\",\"logo\":{\"@type\":\"ImageObject\",\"inLanguage\":\"es\",\"@id\":\"https:\/\/academicos.uprrp.edu\/diia\/#\/schema\/logo\/image\/\",\"url\":\"https:\/\/academicos.uprrp.edu\/diia\/wp-content\/uploads\/sites\/5\/2020\/02\/LogoDIIA-Oficial01SelloFondoBlanco.png\",\"contentUrl\":\"https:\/\/academicos.uprrp.edu\/diia\/wp-content\/uploads\/sites\/5\/2020\/02\/LogoDIIA-Oficial01SelloFondoBlanco.png\",\"width\":3038,\"height\":899,\"caption\":\"Divisi\u00f3n de Investigaci\u00f3n Institucional y Aval\u00fao, Universidad de Puerto Rico, Recinto de R\u00edo Piedras\"},\"image\":{\"@id\":\"https:\/\/academicos.uprrp.edu\/diia\/#\/schema\/logo\/image\/\"}},{\"@type\":\"Person\",\"@id\":\"https:\/\/academicos.uprrp.edu\/diia\/#\/schema\/person\/88d1a1badfd609336b2461c0c94ffa49\",\"name\":\"Divisi\u00f3n de Investigaci\u00f3n Institucional y Aval\u00fao\",\"image\":{\"@type\":\"ImageObject\",\"inLanguage\":\"es\",\"@id\":\"https:\/\/secure.gravatar.com\/avatar\/1da843748f06c91fd71af6c6e6d82ada6a6b90595860355ca27ddfe636fa5c0c?s=96&d=mm&r=g\",\"url\":\"https:\/\/secure.gravatar.com\/avatar\/1da843748f06c91fd71af6c6e6d82ada6a6b90595860355ca27ddfe636fa5c0c?s=96&d=mm&r=g\",\"contentUrl\":\"https:\/\/secure.gravatar.com\/avatar\/1da843748f06c91fd71af6c6e6d82ada6a6b90595860355ca27ddfe636fa5c0c?s=96&d=mm&r=g\",\"caption\":\"Divisi\u00f3n de Investigaci\u00f3n Institucional y Aval\u00fao\"}}]}<\/script>\n<!-- \/ Yoast SEO plugin. -->","yoast_head_json":{"title":"Visualizaciones acualizadas para el segundo semestre 2023-24 y trimestres 2021-22, 2022-23 y 2023-24 - Divisi\u00f3n Investigaci\u00f3n Institucional y Aval\u00fao - Universidad de Puerto Rico - Recinto de R\u00edo Piedras - UPRRP","robots":{"index":"index","follow":"follow","max-snippet":"max-snippet:-1","max-image-preview":"max-image-preview:large","max-video-preview":"max-video-preview:-1"},"canonical":"https:\/\/academicos.uprrp.edu\/diia\/visualizaciones-acualizadas-febrero-2024\/","og_locale":"es_ES","og_type":"article","og_title":"Visualizaciones acualizadas para el segundo semestre 2023-24 y trimestres 2021-22, 2022-23 y 2023-24 - Divisi\u00f3n Investigaci\u00f3n Institucional y Aval\u00fao - Universidad de Puerto Rico - Recinto de R\u00edo Piedras - UPRRP","og_description":"Actualizamos nuestras visualizaciones tipo \u00abdashboards\u00bb en nuestro Cat\u00e1logo de datos con los datos del segundo semestre del a\u00f1o acad\u00e9mico 2023-2024.\u00a0Adem\u00e1s, las visualizaciones ahora incorporan los datos correspondientes a los programas &hellip;","og_url":"https:\/\/academicos.uprrp.edu\/diia\/visualizaciones-acualizadas-febrero-2024\/","og_site_name":"Divisi\u00f3n Investigaci\u00f3n Institucional y Aval\u00fao - Universidad de Puerto Rico - Recinto de R\u00edo Piedras - UPRRP","article_published_time":"2024-02-29T15:18:37+00:00","article_modified_time":"2024-02-29T15:19:23+00:00","og_image":[{"url":"https:\/\/academicos.uprrp.edu\/diia\/wp-content\/uploads\/sites\/5\/2022\/08\/MatriculaTotalDashboard02.png","type":"","width":"","height":""}],"author":"Divisi\u00f3n de Investigaci\u00f3n Institucional y Aval\u00fao","twitter_card":"summary_large_image","twitter_misc":{"Written by":"Divisi\u00f3n de Investigaci\u00f3n Institucional y Aval\u00fao","Est. reading time":"3 minutos"},"schema":{"@context":"https:\/\/schema.org","@graph":[{"@type":"Article","@id":"https:\/\/academicos.uprrp.edu\/diia\/visualizaciones-acualizadas-febrero-2024\/#article","isPartOf":{"@id":"https:\/\/academicos.uprrp.edu\/diia\/visualizaciones-acualizadas-febrero-2024\/"},"author":{"name":"Divisi\u00f3n de Investigaci\u00f3n Institucional y Aval\u00fao","@id":"https:\/\/academicos.uprrp.edu\/diia\/#\/schema\/person\/88d1a1badfd609336b2461c0c94ffa49"},"headline":"Visualizaciones acualizadas para el segundo semestre 2023-24 y trimestres 2021-22, 2022-23 y 2023-24","datePublished":"2024-02-29T15:18:37+00:00","dateModified":"2024-02-29T15:19:23+00:00","mainEntityOfPage":{"@id":"https:\/\/academicos.uprrp.edu\/diia\/visualizaciones-acualizadas-febrero-2024\/"},"wordCount":358,"publisher":{"@id":"https:\/\/academicos.uprrp.edu\/diia\/#organization"},"image":{"@id":"https:\/\/academicos.uprrp.edu\/diia\/visualizaciones-acualizadas-febrero-2024\/#primaryimage"},"thumbnailUrl":"https:\/\/academicos.uprrp.edu\/diia\/wp-content\/uploads\/sites\/5\/2022\/08\/MatriculaTotalDashboard02.png","keywords":["2023-2024","empleados","matr\u00edcula","matr\u00edcula equivalente a regular","matr\u00edcula total","oferta de cursos","segundo semestre","trimestres","visualizaciones"],"articleSection":["Datos Institucionales","Lo m\u00e1s reciente"],"inLanguage":"es"},{"@type":"WebPage","@id":"https:\/\/academicos.uprrp.edu\/diia\/visualizaciones-acualizadas-febrero-2024\/","url":"https:\/\/academicos.uprrp.edu\/diia\/visualizaciones-acualizadas-febrero-2024\/","name":"Visualizaciones acualizadas para el segundo semestre 2023-24 y trimestres 2021-22, 2022-23 y 2023-24 - Divisi\u00f3n Investigaci\u00f3n Institucional y Aval\u00fao - Universidad de Puerto Rico - Recinto de R\u00edo Piedras - UPRRP","isPartOf":{"@id":"https:\/\/academicos.uprrp.edu\/diia\/#website"},"primaryImageOfPage":{"@id":"https:\/\/academicos.uprrp.edu\/diia\/visualizaciones-acualizadas-febrero-2024\/#primaryimage"},"image":{"@id":"https:\/\/academicos.uprrp.edu\/diia\/visualizaciones-acualizadas-febrero-2024\/#primaryimage"},"thumbnailUrl":"https:\/\/academicos.uprrp.edu\/diia\/wp-content\/uploads\/sites\/5\/2022\/08\/MatriculaTotalDashboard02.png","datePublished":"2024-02-29T15:18:37+00:00","dateModified":"2024-02-29T15:19:23+00:00","breadcrumb":{"@id":"https:\/\/academicos.uprrp.edu\/diia\/visualizaciones-acualizadas-febrero-2024\/#breadcrumb"},"inLanguage":"es","potentialAction":[{"@type":"ReadAction","target":["https:\/\/academicos.uprrp.edu\/diia\/visualizaciones-acualizadas-febrero-2024\/"]}]},{"@type":"ImageObject","inLanguage":"es","@id":"https:\/\/academicos.uprrp.edu\/diia\/visualizaciones-acualizadas-febrero-2024\/#primaryimage","url":"https:\/\/academicos.uprrp.edu\/diia\/wp-content\/uploads\/sites\/5\/2022\/08\/MatriculaTotalDashboard02.png","contentUrl":"https:\/\/academicos.uprrp.edu\/diia\/wp-content\/uploads\/sites\/5\/2022\/08\/MatriculaTotalDashboard02.png","width":597,"height":377},{"@type":"BreadcrumbList","@id":"https:\/\/academicos.uprrp.edu\/diia\/visualizaciones-acualizadas-febrero-2024\/#breadcrumb","itemListElement":[{"@type":"ListItem","position":1,"name":"Home","item":"https:\/\/academicos.uprrp.edu\/diia\/"},{"@type":"ListItem","position":2,"name":"Visualizaciones acualizadas para el segundo semestre 2023-24 y trimestres 2021-22, 2022-23 y 2023-24"}]},{"@type":"WebSite","@id":"https:\/\/academicos.uprrp.edu\/diia\/#website","url":"https:\/\/academicos.uprrp.edu\/diia\/","name":"Divisi\u00f3n Investigaci\u00f3n Institucional y Aval\u00fao - Universidad de Puerto Rico - Recinto de R\u00edo Piedras - DIIA - UPRRP","description":"Investigaci\u00f3n institucional, aval\u00fao del aprendizaje estudiantil, efectividad institucional, datos institucionales, institutional research, student learning assessment, institutional effectiveness, institutional data","publisher":{"@id":"https:\/\/academicos.uprrp.edu\/diia\/#organization"},"potentialAction":[{"@type":"SearchAction","target":{"@type":"EntryPoint","urlTemplate":"https:\/\/academicos.uprrp.edu\/diia\/?s={search_term_string}"},"query-input":{"@type":"PropertyValueSpecification","valueRequired":true,"valueName":"search_term_string"}}],"inLanguage":"es"},{"@type":"Organization","@id":"https:\/\/academicos.uprrp.edu\/diia\/#organization","name":"Divisi\u00f3n de Investigaci\u00f3n Institucional y Aval\u00fao, Universidad de Puerto Rico, Recinto de R\u00edo Piedras","url":"https:\/\/academicos.uprrp.edu\/diia\/","logo":{"@type":"ImageObject","inLanguage":"es","@id":"https:\/\/academicos.uprrp.edu\/diia\/#\/schema\/logo\/image\/","url":"https:\/\/academicos.uprrp.edu\/diia\/wp-content\/uploads\/sites\/5\/2020\/02\/LogoDIIA-Oficial01SelloFondoBlanco.png","contentUrl":"https:\/\/academicos.uprrp.edu\/diia\/wp-content\/uploads\/sites\/5\/2020\/02\/LogoDIIA-Oficial01SelloFondoBlanco.png","width":3038,"height":899,"caption":"Divisi\u00f3n de Investigaci\u00f3n Institucional y Aval\u00fao, Universidad de Puerto Rico, Recinto de R\u00edo Piedras"},"image":{"@id":"https:\/\/academicos.uprrp.edu\/diia\/#\/schema\/logo\/image\/"}},{"@type":"Person","@id":"https:\/\/academicos.uprrp.edu\/diia\/#\/schema\/person\/88d1a1badfd609336b2461c0c94ffa49","name":"Divisi\u00f3n de Investigaci\u00f3n Institucional y Aval\u00fao","image":{"@type":"ImageObject","inLanguage":"es","@id":"https:\/\/secure.gravatar.com\/avatar\/1da843748f06c91fd71af6c6e6d82ada6a6b90595860355ca27ddfe636fa5c0c?s=96&d=mm&r=g","url":"https:\/\/secure.gravatar.com\/avatar\/1da843748f06c91fd71af6c6e6d82ada6a6b90595860355ca27ddfe636fa5c0c?s=96&d=mm&r=g","contentUrl":"https:\/\/secure.gravatar.com\/avatar\/1da843748f06c91fd71af6c6e6d82ada6a6b90595860355ca27ddfe636fa5c0c?s=96&d=mm&r=g","caption":"Divisi\u00f3n de Investigaci\u00f3n Institucional y Aval\u00fao"}}]}},"aioseo_notices":[],"_links":{"self":[{"href":"https:\/\/academicos.uprrp.edu\/diia\/wp-json\/wp\/v2\/posts\/13190","targetHints":{"allow":["GET"]}}],"collection":[{"href":"https:\/\/academicos.uprrp.edu\/diia\/wp-json\/wp\/v2\/posts"}],"about":[{"href":"https:\/\/academicos.uprrp.edu\/diia\/wp-json\/wp\/v2\/types\/post"}],"author":[{"embeddable":true,"href":"https:\/\/academicos.uprrp.edu\/diia\/wp-json\/wp\/v2\/users\/6"}],"replies":[{"embeddable":true,"href":"https:\/\/academicos.uprrp.edu\/diia\/wp-json\/wp\/v2\/comments?post=13190"}],"version-history":[{"count":21,"href":"https:\/\/academicos.uprrp.edu\/diia\/wp-json\/wp\/v2\/posts\/13190\/revisions"}],"predecessor-version":[{"id":13213,"href":"https:\/\/academicos.uprrp.edu\/diia\/wp-json\/wp\/v2\/posts\/13190\/revisions\/13213"}],"wp:attachment":[{"href":"https:\/\/academicos.uprrp.edu\/diia\/wp-json\/wp\/v2\/media?parent=13190"}],"wp:term":[{"taxonomy":"category","embeddable":true,"href":"https:\/\/academicos.uprrp.edu\/diia\/wp-json\/wp\/v2\/categories?post=13190"},{"taxonomy":"post_tag","embeddable":true,"href":"https:\/\/academicos.uprrp.edu\/diia\/wp-json\/wp\/v2\/tags?post=13190"}],"curies":[{"name":"wp","href":"https:\/\/api.w.org\/{rel}","templated":true}]}}