{"id":13130,"date":"2023-11-15T15:00:18","date_gmt":"2023-11-15T19:00:18","guid":{"rendered":"https:\/\/academicos.uprrp.edu\/diia\/?p=13130"},"modified":"2023-11-15T15:00:18","modified_gmt":"2023-11-15T19:00:18","slug":"tablas-con-estadisticas-de-matricula-total-y-grados-conferidos-a-nivel-de-recinto-actualizadas","status":"publish","type":"post","link":"https:\/\/academicos.uprrp.edu\/diia\/tablas-con-estadisticas-de-matricula-total-y-grados-conferidos-a-nivel-de-recinto-actualizadas\/","title":{"rendered":"Tablas con estad\u00edsticas de matr\u00edcula total y grados conferidos a nivel de recinto actualizadas"},"content":{"rendered":"\t\t<div data-elementor-type=\"wp-post\" data-elementor-id=\"13130\" class=\"elementor elementor-13130\">\n\t\t\t\t\t\t<section class=\"elementor-section elementor-top-section elementor-element elementor-element-7d5c049 elementor-section-boxed elementor-section-height-default elementor-section-height-default\" data-id=\"7d5c049\" data-element_type=\"section\" data-e-type=\"section\">\n\t\t\t\t\t\t<div class=\"elementor-container elementor-column-gap-default\">\n\t\t\t\t\t<div class=\"elementor-column elementor-col-100 elementor-top-column elementor-element elementor-element-3b6a7ec9\" data-id=\"3b6a7ec9\" data-element_type=\"column\" data-e-type=\"column\">\n\t\t\t<div class=\"elementor-widget-wrap elementor-element-populated\">\n\t\t\t\t\t\t<div class=\"elementor-element elementor-element-628d4d26 elementor-widget elementor-widget-text-editor\" data-id=\"628d4d26\" data-element_type=\"widget\" data-e-type=\"widget\" data-widget_type=\"text-editor.default\">\n\t\t\t\t<div class=\"elementor-widget-container\">\n\t\t\t\t\t\t\t\t\t<p>Actualizamos varias tablas en el \u00e1rea de estad\u00edsticas a nivel de recinto por temas de nuestro <em>Cat\u00e1logo de datos<\/em>. Las tablas est\u00e1n relacionadas con matr\u00edcula total y grados conferidos, y p<span style=\"color: var( --e-global-color-text ); font-family: var( --e-global-typography-text-font-family ), Sans-serif; font-weight: var( --e-global-typography-text-font-weight ); font-size: var(--thim-font-body-font-size);\">uede acceder las mismas a continuaci\u00f3n:<\/span><\/p>\t\t\t\t\t\t\t\t<\/div>\n\t\t\t\t<\/div>\n\t\t\t\t\t<\/div>\n\t\t<\/div>\n\t\t\t\t\t<\/div>\n\t\t<\/section>\n\t\t\t\t<section class=\"elementor-section elementor-top-section elementor-element elementor-element-842c63a elementor-section-boxed elementor-section-height-default elementor-section-height-default\" data-id=\"842c63a\" data-element_type=\"section\" data-e-type=\"section\">\n\t\t\t\t\t\t<div class=\"elementor-container elementor-column-gap-default\">\n\t\t\t\t\t<div class=\"elementor-column elementor-col-100 elementor-top-column elementor-element elementor-element-529b6fb\" data-id=\"529b6fb\" data-element_type=\"column\" data-e-type=\"column\">\n\t\t\t<div class=\"elementor-widget-wrap elementor-element-populated\">\n\t\t\t\t\t\t<div class=\"elementor-element elementor-element-2713833 elementor-widget elementor-widget-text-editor\" data-id=\"2713833\" data-element_type=\"widget\" data-e-type=\"widget\" data-widget_type=\"text-editor.default\">\n\t\t\t\t<div class=\"elementor-widget-container\">\n\t\t\t\t\t\t\t\t\t<h3>Matr\u00edcula total<\/h3>\t\t\t\t\t\t\t\t<\/div>\n\t\t\t\t<\/div>\n\t\t\t\t\t<\/div>\n\t\t<\/div>\n\t\t\t\t\t<\/div>\n\t\t<\/section>\n\t\t\t\t<section class=\"elementor-section elementor-top-section elementor-element elementor-element-a10c36e elementor-section-boxed elementor-section-height-default elementor-section-height-default\" data-id=\"a10c36e\" data-element_type=\"section\" data-e-type=\"section\">\n\t\t\t\t\t\t<div class=\"elementor-container elementor-column-gap-default\">\n\t\t\t\t\t<div class=\"elementor-column elementor-col-33 elementor-top-column elementor-element elementor-element-97a65b3\" data-id=\"97a65b3\" data-element_type=\"column\" data-e-type=\"column\">\n\t\t\t<div class=\"elementor-widget-wrap elementor-element-populated\">\n\t\t\t\t\t\t<div class=\"elementor-element elementor-element-92e9301 eael-infobox-icon-bg-shape-none eael-infobox-icon-hover-bg-shape-none elementor-widget elementor-widget-eael-info-box\" data-id=\"92e9301\" data-element_type=\"widget\" data-e-type=\"widget\" data-widget_type=\"eael-info-box.default\">\n\t\t\t\t<div class=\"elementor-widget-container\">\n\t\t\t\t\t            <a href=\"https:\/\/academicos.uprrp.edu\/diia\/wp-content\/uploads\/sites\/5\/2023\/11\/1-MatriculaTotal2015-2023_1er-2doSemestre_Rev2023-11-07.xlsx\" target=\"_blank\">\n\t            <div class=\"eael-infobox icon-on-left\">\n\t            <div class=\"infobox-icon eael-icon-only\">\n\n            \n                            <div class=\"infobox-icon-wrap\">\n                    <i aria-hidden=\"true\" class=\"fas fa-file-alt\"><\/i>                <\/div>\n            \n            \n        <\/div>\n            <div class=\"infobox-content eael-icon-only\">\n                    <div class=\"infobox-title-section\">\n                <h2 class=\"title\">Matr\u00edcula total<\/h2>            <\/div>\n            <div><p>2023-2024 al 2015-2016 (XLSX)<br \/>Revisada: 2023-11-15<\/p><\/div>        <\/div>\n            <\/div>\n\n\t\t            <\/a>\n\t\t\t\t\t\t<\/div>\n\t\t\t\t<\/div>\n\t\t\t\t\t<\/div>\n\t\t<\/div>\n\t\t\t\t<div class=\"elementor-column elementor-col-33 elementor-top-column elementor-element elementor-element-3c1bb11\" data-id=\"3c1bb11\" data-element_type=\"column\" data-e-type=\"column\">\n\t\t\t<div class=\"elementor-widget-wrap elementor-element-populated\">\n\t\t\t\t\t\t<div class=\"elementor-element elementor-element-6bceae2 eael-infobox-icon-bg-shape-none eael-infobox-icon-hover-bg-shape-none elementor-widget elementor-widget-eael-info-box\" data-id=\"6bceae2\" data-element_type=\"widget\" data-e-type=\"widget\" data-widget_type=\"eael-info-box.default\">\n\t\t\t\t<div class=\"elementor-widget-container\">\n\t\t\t\t\t            <a href=\"https:\/\/academicos.uprrp.edu\/diia\/wp-content\/uploads\/sites\/5\/2023\/11\/2-MatriculaTotalClasificacion2015-2023_Rev2023-11-07.xlsx\" target=\"_blank\">\n\t            <div class=\"eael-infobox icon-on-left\">\n\t            <div class=\"infobox-icon eael-icon-only\">\n\n            \n                            <div class=\"infobox-icon-wrap\">\n                    <i aria-hidden=\"true\" class=\"fas fa-file-alt\"><\/i>                <\/div>\n            \n            \n        <\/div>\n            <div class=\"infobox-content eael-icon-only\">\n                    <div class=\"infobox-title-section\">\n                <h2 class=\"title\">Por clasificaci\u00f3n<\/h2>            <\/div>\n            <div><p>2023-2024 al 2015-2016 (XLSX)<br \/>Revisada: 2023-11-15<\/p><\/div>        <\/div>\n            <\/div>\n\n\t\t            <\/a>\n\t\t\t\t\t\t<\/div>\n\t\t\t\t<\/div>\n\t\t\t\t\t<\/div>\n\t\t<\/div>\n\t\t\t\t<div class=\"elementor-column elementor-col-33 elementor-top-column elementor-element elementor-element-16016ef\" data-id=\"16016ef\" data-element_type=\"column\" data-e-type=\"column\">\n\t\t\t<div class=\"elementor-widget-wrap elementor-element-populated\">\n\t\t\t\t\t\t<div class=\"elementor-element elementor-element-54a0c42 eael-infobox-icon-bg-shape-none eael-infobox-icon-hover-bg-shape-none elementor-widget elementor-widget-eael-info-box\" data-id=\"54a0c42\" data-element_type=\"widget\" data-e-type=\"widget\" data-widget_type=\"eael-info-box.default\">\n\t\t\t\t<div class=\"elementor-widget-container\">\n\t\t\t\t\t            <a href=\"https:\/\/academicos.uprrp.edu\/diia\/wp-content\/uploads\/sites\/5\/2023\/11\/5-MatriculaTotalETNIA2015-2023_1erSemestre_Rev2023-11-13.xlsx\" target=\"_blank\">\n\t            <div class=\"eael-infobox icon-on-left\">\n\t            <div class=\"infobox-icon eael-icon-only\">\n\n            \n                            <div class=\"infobox-icon-wrap\">\n                    <i aria-hidden=\"true\" class=\"fas fa-file-alt\"><\/i>                <\/div>\n            \n            \n        <\/div>\n            <div class=\"infobox-content eael-icon-only\">\n                    <div class=\"infobox-title-section\">\n                <h2 class=\"title\">Por etnicidad<\/h2>            <\/div>\n            <div><p>2023-2024 al 2015-2016 (XLSX)<br \/>Revisada: 2023-11-13<\/p><\/div>        <\/div>\n            <\/div>\n\n\t\t            <\/a>\n\t\t\t\t\t\t<\/div>\n\t\t\t\t<\/div>\n\t\t\t\t\t<\/div>\n\t\t<\/div>\n\t\t\t\t\t<\/div>\n\t\t<\/section>\n\t\t\t\t<section class=\"elementor-section elementor-top-section elementor-element elementor-element-551db06 elementor-section-boxed elementor-section-height-default elementor-section-height-default\" data-id=\"551db06\" data-element_type=\"section\" data-e-type=\"section\">\n\t\t\t\t\t\t<div class=\"elementor-container elementor-column-gap-default\">\n\t\t\t\t\t<div class=\"elementor-column elementor-col-33 elementor-top-column elementor-element elementor-element-712dacf\" data-id=\"712dacf\" data-element_type=\"column\" data-e-type=\"column\">\n\t\t\t<div class=\"elementor-widget-wrap elementor-element-populated\">\n\t\t\t\t\t\t<div class=\"elementor-element elementor-element-3ecfe98 eael-infobox-icon-bg-shape-none eael-infobox-icon-hover-bg-shape-none elementor-widget elementor-widget-eael-info-box\" data-id=\"3ecfe98\" data-element_type=\"widget\" data-e-type=\"widget\" data-widget_type=\"eael-info-box.default\">\n\t\t\t\t<div class=\"elementor-widget-container\">\n\t\t\t\t\t            <a href=\"https:\/\/academicos.uprrp.edu\/diia\/wp-content\/uploads\/sites\/5\/2023\/11\/3-MatriculaTotalFTE2015-2023_1erSem_Rev2023-11-10.xlsx\" target=\"_blank\">\n\t            <div class=\"eael-infobox icon-on-left\">\n\t            <div class=\"infobox-icon eael-icon-only\">\n\n            \n                            <div class=\"infobox-icon-wrap\">\n                    <i aria-hidden=\"true\" class=\"fas fa-file-alt\"><\/i>                <\/div>\n            \n            \n        <\/div>\n            <div class=\"infobox-content eael-icon-only\">\n                    <div class=\"infobox-title-section\">\n                <h2 class=\"title\">Full-time equivalent<\/h2>            <\/div>\n            <div><p>2023-2024 al 2015-2016 (XLSX)<br \/>Revisada: 2023-11-10<\/p><\/div>        <\/div>\n            <\/div>\n\n\t\t            <\/a>\n\t\t\t\t\t\t<\/div>\n\t\t\t\t<\/div>\n\t\t\t\t\t<\/div>\n\t\t<\/div>\n\t\t\t\t<div class=\"elementor-column elementor-col-33 elementor-top-column elementor-element elementor-element-268bf80\" data-id=\"268bf80\" data-element_type=\"column\" data-e-type=\"column\">\n\t\t\t<div class=\"elementor-widget-wrap\">\n\t\t\t\t\t\t\t<\/div>\n\t\t<\/div>\n\t\t\t\t<div class=\"elementor-column elementor-col-33 elementor-top-column elementor-element elementor-element-e13ac79\" data-id=\"e13ac79\" data-element_type=\"column\" data-e-type=\"column\">\n\t\t\t<div class=\"elementor-widget-wrap\">\n\t\t\t\t\t\t\t<\/div>\n\t\t<\/div>\n\t\t\t\t\t<\/div>\n\t\t<\/section>\n\t\t\t\t<section class=\"elementor-section elementor-top-section elementor-element elementor-element-d7f5df4 elementor-section-boxed elementor-section-height-default elementor-section-height-default\" data-id=\"d7f5df4\" data-element_type=\"section\" data-e-type=\"section\">\n\t\t\t\t\t\t<div class=\"elementor-container elementor-column-gap-default\">\n\t\t\t\t\t<div class=\"elementor-column elementor-col-100 elementor-top-column elementor-element elementor-element-3275381\" data-id=\"3275381\" data-element_type=\"column\" data-e-type=\"column\">\n\t\t\t<div class=\"elementor-widget-wrap elementor-element-populated\">\n\t\t\t\t\t\t<div class=\"elementor-element elementor-element-ff995f2 elementor-widget elementor-widget-text-editor\" data-id=\"ff995f2\" data-element_type=\"widget\" data-e-type=\"widget\" data-widget_type=\"text-editor.default\">\n\t\t\t\t<div class=\"elementor-widget-container\">\n\t\t\t\t\t\t\t\t\t<h3>Grados conferidos<\/h3>\t\t\t\t\t\t\t\t<\/div>\n\t\t\t\t<\/div>\n\t\t\t\t\t<\/div>\n\t\t<\/div>\n\t\t\t\t\t<\/div>\n\t\t<\/section>\n\t\t\t\t<section class=\"elementor-section elementor-top-section elementor-element elementor-element-ece9e55 elementor-section-boxed elementor-section-height-default elementor-section-height-default\" data-id=\"ece9e55\" data-element_type=\"section\" data-e-type=\"section\">\n\t\t\t\t\t\t<div class=\"elementor-container elementor-column-gap-default\">\n\t\t\t\t\t<div class=\"elementor-column elementor-col-100 elementor-top-column elementor-element elementor-element-0123f86\" data-id=\"0123f86\" data-element_type=\"column\" data-e-type=\"column\">\n\t\t\t<div class=\"elementor-widget-wrap elementor-element-populated\">\n\t\t\t\t\t\t<div class=\"elementor-element elementor-element-ff7ab3e eael-infobox-icon-bg-shape-none eael-infobox-icon-hover-bg-shape-none elementor-widget elementor-widget-eael-info-box\" data-id=\"ff7ab3e\" data-element_type=\"widget\" data-e-type=\"widget\" data-widget_type=\"eael-info-box.default\">\n\t\t\t\t<div class=\"elementor-widget-container\">\n\t\t\t\t\t            <a href=\"https:\/\/academicos.uprrp.edu\/diia\/wp-content\/uploads\/sites\/5\/2023\/11\/4-GradosConferidos_Fac_Nivel_Conc-Genero_2015-2022_Rev2023-10-10.xlsx\" target=\"_blank\">\n\t            <div class=\"eael-infobox icon-on-left\">\n\t            <div class=\"infobox-icon eael-icon-only\">\n\n            \n                            <div class=\"infobox-icon-wrap\">\n                    <i aria-hidden=\"true\" class=\"fas fa-file-alt\"><\/i>                <\/div>\n            \n            \n        <\/div>\n            <div class=\"infobox-content eael-icon-only\">\n                    <div class=\"infobox-title-section\">\n                <h2 class=\"title\">Grados conferidos<\/h2>            <\/div>\n            <div><p>2022-2023 al 2015-2016 (XLSX)<br \/>Revisada: 2023-10-10<\/p><\/div>        <\/div>\n            <\/div>\n\n\t\t            <\/a>\n\t\t\t\t\t\t<\/div>\n\t\t\t\t<\/div>\n\t\t\t\t\t<\/div>\n\t\t<\/div>\n\t\t\t\t\t<\/div>\n\t\t<\/section>\n\t\t\t\t<section class=\"elementor-section elementor-top-section elementor-element elementor-element-bf5e411 elementor-section-boxed elementor-section-height-default elementor-section-height-default\" data-id=\"bf5e411\" data-element_type=\"section\" data-e-type=\"section\">\n\t\t\t\t\t\t<div class=\"elementor-container elementor-column-gap-default\">\n\t\t\t\t\t<div class=\"elementor-column elementor-col-100 elementor-top-column elementor-element elementor-element-cc2ec11\" data-id=\"cc2ec11\" data-element_type=\"column\" data-e-type=\"column\">\n\t\t\t<div class=\"elementor-widget-wrap elementor-element-populated\">\n\t\t\t\t\t\t<div class=\"elementor-element elementor-element-c34857c elementor-widget elementor-widget-text-editor\" data-id=\"c34857c\" data-element_type=\"widget\" data-e-type=\"widget\" data-widget_type=\"text-editor.default\">\n\t\t\t\t<div class=\"elementor-widget-container\">\n\t\t\t\t\t\t\t\t\t<p><span style=\"color: var( --e-global-color-text ); font-family: var( --e-global-typography-text-font-family ), Sans-serif; font-weight: var( --e-global-typography-text-font-weight ); font-size: var(--thim-font-body-font-size);\">Adem\u00e1s, tenemos una serie de \u00abdashboards\u00bb con los que puede interactuar y m\u00faltiples otras tablas con datos institucionales. Le invitamos a visitar nuestro <\/span><em style=\"color: var( --e-global-color-text ); font-family: var( --e-global-typography-text-font-family ), Sans-serif; font-weight: var( --e-global-typography-text-font-weight ); font-size: var(--thim-font-body-font-size);\">Cat\u00e1logo de datos<\/em><span style=\"color: var( --e-global-color-text ); font-family: var( --e-global-typography-text-font-family ), Sans-serif; font-weight: var( --e-global-typography-text-font-weight ); font-size: var(--thim-font-body-font-size);\"> en el \u00e1rea de datos institucionales de nuestra p\u00e1gina:<\/span><\/p><p><blockquote class=\"wp-embedded-content\" data-secret=\"b0SXBQXsAk\"><a href=\"https:\/\/academicos.uprrp.edu\/diia\/datos-institucionales\/\">Datos institucionales<\/a><\/blockquote><iframe class=\"wp-embedded-content\" sandbox=\"allow-scripts\" security=\"restricted\" style=\"position: absolute; clip: rect(1px, 1px, 1px, 1px);\" title=\"&#171;Datos institucionales&#187; &#8212; Divisi\u00f3n Investigaci\u00f3n Institucional y Aval\u00fao - Universidad de Puerto Rico - Recinto de R\u00edo Piedras - UPRRP\" src=\"https:\/\/academicos.uprrp.edu\/diia\/datos-institucionales\/embed\/#?secret=wrguAKRonb#?secret=b0SXBQXsAk\" data-secret=\"b0SXBQXsAk\" width=\"600\" height=\"338\" frameborder=\"0\" marginwidth=\"0\" marginheight=\"0\" scrolling=\"no\"><\/iframe><\/p>\t\t\t\t\t\t\t\t<\/div>\n\t\t\t\t<\/div>\n\t\t\t\t\t<\/div>\n\t\t<\/div>\n\t\t\t\t\t<\/div>\n\t\t<\/section>\n\t\t\t\t<\/div>\n\t\t","protected":false},"excerpt":{"rendered":"<p>Actualizamos varias tablas en el \u00e1rea de estad\u00edsticas a nivel de recinto por temas de nuestro Cat\u00e1logo de datos. Las tablas est\u00e1n relacionadas con matr\u00edcula total y grados conferidos, y &hellip; <\/p>\n","protected":false},"author":6,"featured_media":0,"comment_status":"closed","ping_status":"closed","sticky":false,"template":"","format":"standard","meta":{"om_disable_all_campaigns":false,"_monsterinsights_skip_tracking":false,"_monsterinsights_sitenote_active":false,"_monsterinsights_sitenote_note":"","_monsterinsights_sitenote_category":0,"_uf_show_specific_survey":0,"_uf_disable_surveys":false,"footnotes":""},"categories":[44,37],"tags":[56,76,77,66,67,68,88,87,89,45,65],"class_list":["post-13130","post","type-post","status-publish","format-standard","hentry","category-datos-institucionales","category-aviso","tag-56","tag-76","tag-2023-2024","tag-clasificacion","tag-etnicidad","tag-fte","tag-grados","tag-grados-conferidos","tag-graduandos","tag-matricula","tag-matricula-total"],"yoast_head":"<!-- This site is optimized with the Yoast SEO plugin v27.2 - https:\/\/yoast.com\/product\/yoast-seo-wordpress\/ -->\n<title>Tablas con estad\u00edsticas de matr\u00edcula total y grados conferidos a nivel de recinto actualizadas - Divisi\u00f3n Investigaci\u00f3n Institucional y Aval\u00fao - Universidad de Puerto Rico - Recinto de R\u00edo Piedras - UPRRP<\/title>\n<meta name=\"robots\" content=\"index, follow, max-snippet:-1, max-image-preview:large, max-video-preview:-1\" \/>\n<link rel=\"canonical\" href=\"https:\/\/academicos.uprrp.edu\/diia\/tablas-con-estadisticas-de-matricula-total-y-grados-conferidos-a-nivel-de-recinto-actualizadas\/\" \/>\n<meta property=\"og:locale\" content=\"es_ES\" \/>\n<meta property=\"og:type\" content=\"article\" \/>\n<meta property=\"og:title\" content=\"Tablas con estad\u00edsticas de matr\u00edcula total y grados conferidos a nivel de recinto actualizadas - Divisi\u00f3n Investigaci\u00f3n Institucional y Aval\u00fao - Universidad de Puerto Rico - Recinto de R\u00edo Piedras - UPRRP\" \/>\n<meta property=\"og:description\" content=\"Actualizamos varias tablas en el \u00e1rea de estad\u00edsticas a nivel de recinto por temas de nuestro Cat\u00e1logo de datos. Las tablas est\u00e1n relacionadas con matr\u00edcula total y grados conferidos, y &hellip;\" \/>\n<meta property=\"og:url\" content=\"https:\/\/academicos.uprrp.edu\/diia\/tablas-con-estadisticas-de-matricula-total-y-grados-conferidos-a-nivel-de-recinto-actualizadas\/\" \/>\n<meta property=\"og:site_name\" content=\"Divisi\u00f3n Investigaci\u00f3n Institucional y Aval\u00fao - Universidad de Puerto Rico - Recinto de R\u00edo Piedras - UPRRP\" \/>\n<meta property=\"article:published_time\" content=\"2023-11-15T19:00:18+00:00\" \/>\n<meta name=\"author\" content=\"Divisi\u00f3n de Investigaci\u00f3n Institucional y Aval\u00fao\" \/>\n<meta name=\"twitter:card\" content=\"summary_large_image\" \/>\n<meta name=\"twitter:label1\" content=\"Written by\" \/>\n\t<meta name=\"twitter:data1\" content=\"Divisi\u00f3n de Investigaci\u00f3n Institucional y Aval\u00fao\" \/>\n\t<meta name=\"twitter:label2\" content=\"Est. reading time\" \/>\n\t<meta name=\"twitter:data2\" content=\"1 minuto\" \/>\n<script type=\"application\/ld+json\" class=\"yoast-schema-graph\">{\"@context\":\"https:\/\/schema.org\",\"@graph\":[{\"@type\":\"Article\",\"@id\":\"https:\/\/academicos.uprrp.edu\/diia\/tablas-con-estadisticas-de-matricula-total-y-grados-conferidos-a-nivel-de-recinto-actualizadas\/#article\",\"isPartOf\":{\"@id\":\"https:\/\/academicos.uprrp.edu\/diia\/tablas-con-estadisticas-de-matricula-total-y-grados-conferidos-a-nivel-de-recinto-actualizadas\/\"},\"author\":{\"name\":\"Divisi\u00f3n de Investigaci\u00f3n Institucional y Aval\u00fao\",\"@id\":\"https:\/\/academicos.uprrp.edu\/diia\/#\/schema\/person\/88d1a1badfd609336b2461c0c94ffa49\"},\"headline\":\"Tablas con estad\u00edsticas de matr\u00edcula total y grados conferidos a nivel de recinto actualizadas\",\"datePublished\":\"2023-11-15T19:00:18+00:00\",\"mainEntityOfPage\":{\"@id\":\"https:\/\/academicos.uprrp.edu\/diia\/tablas-con-estadisticas-de-matricula-total-y-grados-conferidos-a-nivel-de-recinto-actualizadas\/\"},\"wordCount\":161,\"publisher\":{\"@id\":\"https:\/\/academicos.uprrp.edu\/diia\/#organization\"},\"keywords\":[\"2022\",\"2023\",\"2023-2024\",\"clasificaci\u00f3n\",\"etnicidad\",\"fte\",\"grados\",\"grados conferidos\",\"graduandos\",\"matr\u00edcula\",\"matr\u00edcula total\"],\"articleSection\":[\"Datos Institucionales\",\"Lo m\u00e1s reciente\"],\"inLanguage\":\"es\"},{\"@type\":\"WebPage\",\"@id\":\"https:\/\/academicos.uprrp.edu\/diia\/tablas-con-estadisticas-de-matricula-total-y-grados-conferidos-a-nivel-de-recinto-actualizadas\/\",\"url\":\"https:\/\/academicos.uprrp.edu\/diia\/tablas-con-estadisticas-de-matricula-total-y-grados-conferidos-a-nivel-de-recinto-actualizadas\/\",\"name\":\"Tablas con estad\u00edsticas de matr\u00edcula total y grados conferidos a nivel de recinto actualizadas - Divisi\u00f3n Investigaci\u00f3n Institucional y Aval\u00fao - Universidad de Puerto Rico - Recinto de R\u00edo Piedras - UPRRP\",\"isPartOf\":{\"@id\":\"https:\/\/academicos.uprrp.edu\/diia\/#website\"},\"datePublished\":\"2023-11-15T19:00:18+00:00\",\"breadcrumb\":{\"@id\":\"https:\/\/academicos.uprrp.edu\/diia\/tablas-con-estadisticas-de-matricula-total-y-grados-conferidos-a-nivel-de-recinto-actualizadas\/#breadcrumb\"},\"inLanguage\":\"es\",\"potentialAction\":[{\"@type\":\"ReadAction\",\"target\":[\"https:\/\/academicos.uprrp.edu\/diia\/tablas-con-estadisticas-de-matricula-total-y-grados-conferidos-a-nivel-de-recinto-actualizadas\/\"]}]},{\"@type\":\"BreadcrumbList\",\"@id\":\"https:\/\/academicos.uprrp.edu\/diia\/tablas-con-estadisticas-de-matricula-total-y-grados-conferidos-a-nivel-de-recinto-actualizadas\/#breadcrumb\",\"itemListElement\":[{\"@type\":\"ListItem\",\"position\":1,\"name\":\"Home\",\"item\":\"https:\/\/academicos.uprrp.edu\/diia\/\"},{\"@type\":\"ListItem\",\"position\":2,\"name\":\"Tablas con estad\u00edsticas de matr\u00edcula total y grados conferidos a nivel de recinto actualizadas\"}]},{\"@type\":\"WebSite\",\"@id\":\"https:\/\/academicos.uprrp.edu\/diia\/#website\",\"url\":\"https:\/\/academicos.uprrp.edu\/diia\/\",\"name\":\"Divisi\u00f3n Investigaci\u00f3n Institucional y Aval\u00fao - Universidad de Puerto Rico - Recinto de R\u00edo Piedras - DIIA - UPRRP\",\"description\":\"Investigaci\u00f3n institucional, aval\u00fao del aprendizaje estudiantil, efectividad institucional, datos institucionales, institutional research, student learning assessment, institutional effectiveness, institutional data\",\"publisher\":{\"@id\":\"https:\/\/academicos.uprrp.edu\/diia\/#organization\"},\"potentialAction\":[{\"@type\":\"SearchAction\",\"target\":{\"@type\":\"EntryPoint\",\"urlTemplate\":\"https:\/\/academicos.uprrp.edu\/diia\/?s={search_term_string}\"},\"query-input\":{\"@type\":\"PropertyValueSpecification\",\"valueRequired\":true,\"valueName\":\"search_term_string\"}}],\"inLanguage\":\"es\"},{\"@type\":\"Organization\",\"@id\":\"https:\/\/academicos.uprrp.edu\/diia\/#organization\",\"name\":\"Divisi\u00f3n de Investigaci\u00f3n Institucional y Aval\u00fao, Universidad de Puerto Rico, Recinto de R\u00edo Piedras\",\"url\":\"https:\/\/academicos.uprrp.edu\/diia\/\",\"logo\":{\"@type\":\"ImageObject\",\"inLanguage\":\"es\",\"@id\":\"https:\/\/academicos.uprrp.edu\/diia\/#\/schema\/logo\/image\/\",\"url\":\"https:\/\/academicos.uprrp.edu\/diia\/wp-content\/uploads\/sites\/5\/2020\/02\/LogoDIIA-Oficial01SelloFondoBlanco.png\",\"contentUrl\":\"https:\/\/academicos.uprrp.edu\/diia\/wp-content\/uploads\/sites\/5\/2020\/02\/LogoDIIA-Oficial01SelloFondoBlanco.png\",\"width\":3038,\"height\":899,\"caption\":\"Divisi\u00f3n de Investigaci\u00f3n Institucional y Aval\u00fao, Universidad de Puerto Rico, Recinto de R\u00edo Piedras\"},\"image\":{\"@id\":\"https:\/\/academicos.uprrp.edu\/diia\/#\/schema\/logo\/image\/\"}},{\"@type\":\"Person\",\"@id\":\"https:\/\/academicos.uprrp.edu\/diia\/#\/schema\/person\/88d1a1badfd609336b2461c0c94ffa49\",\"name\":\"Divisi\u00f3n de Investigaci\u00f3n Institucional y Aval\u00fao\",\"image\":{\"@type\":\"ImageObject\",\"inLanguage\":\"es\",\"@id\":\"https:\/\/secure.gravatar.com\/avatar\/1da843748f06c91fd71af6c6e6d82ada6a6b90595860355ca27ddfe636fa5c0c?s=96&d=mm&r=g\",\"url\":\"https:\/\/secure.gravatar.com\/avatar\/1da843748f06c91fd71af6c6e6d82ada6a6b90595860355ca27ddfe636fa5c0c?s=96&d=mm&r=g\",\"contentUrl\":\"https:\/\/secure.gravatar.com\/avatar\/1da843748f06c91fd71af6c6e6d82ada6a6b90595860355ca27ddfe636fa5c0c?s=96&d=mm&r=g\",\"caption\":\"Divisi\u00f3n de Investigaci\u00f3n Institucional y Aval\u00fao\"}}]}<\/script>\n<!-- \/ Yoast SEO plugin. -->","yoast_head_json":{"title":"Tablas con estad\u00edsticas de matr\u00edcula total y grados conferidos a nivel de recinto actualizadas - Divisi\u00f3n Investigaci\u00f3n Institucional y Aval\u00fao - Universidad de Puerto Rico - Recinto de R\u00edo Piedras - UPRRP","robots":{"index":"index","follow":"follow","max-snippet":"max-snippet:-1","max-image-preview":"max-image-preview:large","max-video-preview":"max-video-preview:-1"},"canonical":"https:\/\/academicos.uprrp.edu\/diia\/tablas-con-estadisticas-de-matricula-total-y-grados-conferidos-a-nivel-de-recinto-actualizadas\/","og_locale":"es_ES","og_type":"article","og_title":"Tablas con estad\u00edsticas de matr\u00edcula total y grados conferidos a nivel de recinto actualizadas - Divisi\u00f3n Investigaci\u00f3n Institucional y Aval\u00fao - Universidad de Puerto Rico - Recinto de R\u00edo Piedras - UPRRP","og_description":"Actualizamos varias tablas en el \u00e1rea de estad\u00edsticas a nivel de recinto por temas de nuestro Cat\u00e1logo de datos. Las tablas est\u00e1n relacionadas con matr\u00edcula total y grados conferidos, y &hellip;","og_url":"https:\/\/academicos.uprrp.edu\/diia\/tablas-con-estadisticas-de-matricula-total-y-grados-conferidos-a-nivel-de-recinto-actualizadas\/","og_site_name":"Divisi\u00f3n Investigaci\u00f3n Institucional y Aval\u00fao - Universidad de Puerto Rico - Recinto de R\u00edo Piedras - UPRRP","article_published_time":"2023-11-15T19:00:18+00:00","author":"Divisi\u00f3n de Investigaci\u00f3n Institucional y Aval\u00fao","twitter_card":"summary_large_image","twitter_misc":{"Written by":"Divisi\u00f3n de Investigaci\u00f3n Institucional y Aval\u00fao","Est. reading time":"1 minuto"},"schema":{"@context":"https:\/\/schema.org","@graph":[{"@type":"Article","@id":"https:\/\/academicos.uprrp.edu\/diia\/tablas-con-estadisticas-de-matricula-total-y-grados-conferidos-a-nivel-de-recinto-actualizadas\/#article","isPartOf":{"@id":"https:\/\/academicos.uprrp.edu\/diia\/tablas-con-estadisticas-de-matricula-total-y-grados-conferidos-a-nivel-de-recinto-actualizadas\/"},"author":{"name":"Divisi\u00f3n de Investigaci\u00f3n Institucional y Aval\u00fao","@id":"https:\/\/academicos.uprrp.edu\/diia\/#\/schema\/person\/88d1a1badfd609336b2461c0c94ffa49"},"headline":"Tablas con estad\u00edsticas de matr\u00edcula total y grados conferidos a nivel de recinto actualizadas","datePublished":"2023-11-15T19:00:18+00:00","mainEntityOfPage":{"@id":"https:\/\/academicos.uprrp.edu\/diia\/tablas-con-estadisticas-de-matricula-total-y-grados-conferidos-a-nivel-de-recinto-actualizadas\/"},"wordCount":161,"publisher":{"@id":"https:\/\/academicos.uprrp.edu\/diia\/#organization"},"keywords":["2022","2023","2023-2024","clasificaci\u00f3n","etnicidad","fte","grados","grados conferidos","graduandos","matr\u00edcula","matr\u00edcula total"],"articleSection":["Datos Institucionales","Lo m\u00e1s reciente"],"inLanguage":"es"},{"@type":"WebPage","@id":"https:\/\/academicos.uprrp.edu\/diia\/tablas-con-estadisticas-de-matricula-total-y-grados-conferidos-a-nivel-de-recinto-actualizadas\/","url":"https:\/\/academicos.uprrp.edu\/diia\/tablas-con-estadisticas-de-matricula-total-y-grados-conferidos-a-nivel-de-recinto-actualizadas\/","name":"Tablas con estad\u00edsticas de matr\u00edcula total y grados conferidos a nivel de recinto actualizadas - Divisi\u00f3n Investigaci\u00f3n Institucional y Aval\u00fao - Universidad de Puerto Rico - Recinto de R\u00edo Piedras - UPRRP","isPartOf":{"@id":"https:\/\/academicos.uprrp.edu\/diia\/#website"},"datePublished":"2023-11-15T19:00:18+00:00","breadcrumb":{"@id":"https:\/\/academicos.uprrp.edu\/diia\/tablas-con-estadisticas-de-matricula-total-y-grados-conferidos-a-nivel-de-recinto-actualizadas\/#breadcrumb"},"inLanguage":"es","potentialAction":[{"@type":"ReadAction","target":["https:\/\/academicos.uprrp.edu\/diia\/tablas-con-estadisticas-de-matricula-total-y-grados-conferidos-a-nivel-de-recinto-actualizadas\/"]}]},{"@type":"BreadcrumbList","@id":"https:\/\/academicos.uprrp.edu\/diia\/tablas-con-estadisticas-de-matricula-total-y-grados-conferidos-a-nivel-de-recinto-actualizadas\/#breadcrumb","itemListElement":[{"@type":"ListItem","position":1,"name":"Home","item":"https:\/\/academicos.uprrp.edu\/diia\/"},{"@type":"ListItem","position":2,"name":"Tablas con estad\u00edsticas de matr\u00edcula total y grados conferidos a nivel de recinto actualizadas"}]},{"@type":"WebSite","@id":"https:\/\/academicos.uprrp.edu\/diia\/#website","url":"https:\/\/academicos.uprrp.edu\/diia\/","name":"Divisi\u00f3n Investigaci\u00f3n Institucional y Aval\u00fao - Universidad de Puerto Rico - Recinto de R\u00edo Piedras - DIIA - UPRRP","description":"Investigaci\u00f3n institucional, aval\u00fao del aprendizaje estudiantil, efectividad institucional, datos institucionales, institutional research, student learning assessment, institutional effectiveness, institutional data","publisher":{"@id":"https:\/\/academicos.uprrp.edu\/diia\/#organization"},"potentialAction":[{"@type":"SearchAction","target":{"@type":"EntryPoint","urlTemplate":"https:\/\/academicos.uprrp.edu\/diia\/?s={search_term_string}"},"query-input":{"@type":"PropertyValueSpecification","valueRequired":true,"valueName":"search_term_string"}}],"inLanguage":"es"},{"@type":"Organization","@id":"https:\/\/academicos.uprrp.edu\/diia\/#organization","name":"Divisi\u00f3n de Investigaci\u00f3n Institucional y Aval\u00fao, Universidad de Puerto Rico, Recinto de R\u00edo Piedras","url":"https:\/\/academicos.uprrp.edu\/diia\/","logo":{"@type":"ImageObject","inLanguage":"es","@id":"https:\/\/academicos.uprrp.edu\/diia\/#\/schema\/logo\/image\/","url":"https:\/\/academicos.uprrp.edu\/diia\/wp-content\/uploads\/sites\/5\/2020\/02\/LogoDIIA-Oficial01SelloFondoBlanco.png","contentUrl":"https:\/\/academicos.uprrp.edu\/diia\/wp-content\/uploads\/sites\/5\/2020\/02\/LogoDIIA-Oficial01SelloFondoBlanco.png","width":3038,"height":899,"caption":"Divisi\u00f3n de Investigaci\u00f3n Institucional y Aval\u00fao, Universidad de Puerto Rico, Recinto de R\u00edo Piedras"},"image":{"@id":"https:\/\/academicos.uprrp.edu\/diia\/#\/schema\/logo\/image\/"}},{"@type":"Person","@id":"https:\/\/academicos.uprrp.edu\/diia\/#\/schema\/person\/88d1a1badfd609336b2461c0c94ffa49","name":"Divisi\u00f3n de Investigaci\u00f3n Institucional y Aval\u00fao","image":{"@type":"ImageObject","inLanguage":"es","@id":"https:\/\/secure.gravatar.com\/avatar\/1da843748f06c91fd71af6c6e6d82ada6a6b90595860355ca27ddfe636fa5c0c?s=96&d=mm&r=g","url":"https:\/\/secure.gravatar.com\/avatar\/1da843748f06c91fd71af6c6e6d82ada6a6b90595860355ca27ddfe636fa5c0c?s=96&d=mm&r=g","contentUrl":"https:\/\/secure.gravatar.com\/avatar\/1da843748f06c91fd71af6c6e6d82ada6a6b90595860355ca27ddfe636fa5c0c?s=96&d=mm&r=g","caption":"Divisi\u00f3n de Investigaci\u00f3n Institucional y Aval\u00fao"}}]}},"aioseo_notices":[],"_links":{"self":[{"href":"https:\/\/academicos.uprrp.edu\/diia\/wp-json\/wp\/v2\/posts\/13130","targetHints":{"allow":["GET"]}}],"collection":[{"href":"https:\/\/academicos.uprrp.edu\/diia\/wp-json\/wp\/v2\/posts"}],"about":[{"href":"https:\/\/academicos.uprrp.edu\/diia\/wp-json\/wp\/v2\/types\/post"}],"author":[{"embeddable":true,"href":"https:\/\/academicos.uprrp.edu\/diia\/wp-json\/wp\/v2\/users\/6"}],"replies":[{"embeddable":true,"href":"https:\/\/academicos.uprrp.edu\/diia\/wp-json\/wp\/v2\/comments?post=13130"}],"version-history":[{"count":4,"href":"https:\/\/academicos.uprrp.edu\/diia\/wp-json\/wp\/v2\/posts\/13130\/revisions"}],"predecessor-version":[{"id":13135,"href":"https:\/\/academicos.uprrp.edu\/diia\/wp-json\/wp\/v2\/posts\/13130\/revisions\/13135"}],"wp:attachment":[{"href":"https:\/\/academicos.uprrp.edu\/diia\/wp-json\/wp\/v2\/media?parent=13130"}],"wp:term":[{"taxonomy":"category","embeddable":true,"href":"https:\/\/academicos.uprrp.edu\/diia\/wp-json\/wp\/v2\/categories?post=13130"},{"taxonomy":"post_tag","embeddable":true,"href":"https:\/\/academicos.uprrp.edu\/diia\/wp-json\/wp\/v2\/tags?post=13130"}],"curies":[{"name":"wp","href":"https:\/\/api.w.org\/{rel}","templated":true}]}}