{"id":12607,"date":"2023-09-25T13:37:00","date_gmt":"2023-09-25T17:37:00","guid":{"rendered":"https:\/\/academicos.uprrp.edu\/diia\/?p=12607"},"modified":"2023-09-25T13:54:18","modified_gmt":"2023-09-25T17:54:18","slug":"perfil-de-estudiantes-subgraduados-de-nuevo-ingreso-2022-2023","status":"publish","type":"post","link":"https:\/\/academicos.uprrp.edu\/diia\/perfil-de-estudiantes-subgraduados-de-nuevo-ingreso-2022-2023\/","title":{"rendered":"Perfil de estudiantes subgraduados de nuevo ingreso 2022-2023"},"content":{"rendered":"\t\t<div data-elementor-type=\"wp-post\" data-elementor-id=\"12607\" class=\"elementor elementor-12607\">\n\t\t\t\t\t\t<section class=\"elementor-section elementor-top-section elementor-element elementor-element-7d5c049 elementor-section-boxed elementor-section-height-default elementor-section-height-default\" data-id=\"7d5c049\" data-element_type=\"section\" data-e-type=\"section\">\n\t\t\t\t\t\t<div class=\"elementor-container elementor-column-gap-default\">\n\t\t\t\t\t<div class=\"elementor-column elementor-col-100 elementor-top-column elementor-element elementor-element-3b6a7ec9\" data-id=\"3b6a7ec9\" data-element_type=\"column\" data-e-type=\"column\">\n\t\t\t<div class=\"elementor-widget-wrap elementor-element-populated\">\n\t\t\t\t\t\t<div class=\"elementor-element elementor-element-628d4d26 elementor-widget elementor-widget-text-editor\" data-id=\"628d4d26\" data-element_type=\"widget\" data-e-type=\"widget\" data-widget_type=\"text-editor.default\">\n\t\t\t\t<div class=\"elementor-widget-container\">\n\t\t\t\t\t\t\t\t\t<p>Acabamos de publicar una tabla nueva con un c\u00famulo de datos sobre los estudiantes subgraduados de nuevo ingreso al Recinto durante la admisi\u00f3n del 2022-2023. Puede acceder a dicha tabla a trav\u00e9s del v\u00ednculo a continuaci\u00f3n, al igual que a trav\u00e9s del \u00e1rea de estad\u00edsticas de nivel subgraduado por temas en nuestro <em>Cat\u00e1logo de datos<\/em>.<\/p>\t\t\t\t\t\t\t\t<\/div>\n\t\t\t\t<\/div>\n\t\t\t\t\t<\/div>\n\t\t<\/div>\n\t\t\t\t\t<\/div>\n\t\t<\/section>\n\t\t\t\t<section class=\"elementor-section elementor-top-section elementor-element elementor-element-090ed5a elementor-section-boxed elementor-section-height-default elementor-section-height-default\" data-id=\"090ed5a\" data-element_type=\"section\" data-e-type=\"section\">\n\t\t\t\t\t\t<div class=\"elementor-container elementor-column-gap-default\">\n\t\t\t\t\t<div class=\"elementor-column elementor-col-100 elementor-top-column elementor-element elementor-element-20e7e60\" data-id=\"20e7e60\" data-element_type=\"column\" data-e-type=\"column\">\n\t\t\t<div class=\"elementor-widget-wrap elementor-element-populated\">\n\t\t\t\t\t\t<div class=\"elementor-element elementor-element-b077da3 eael-infobox-icon-bg-shape-none eael-infobox-icon-hover-bg-shape-none elementor-widget elementor-widget-eael-info-box\" data-id=\"b077da3\" data-element_type=\"widget\" data-e-type=\"widget\" data-widget_type=\"eael-info-box.default\">\n\t\t\t\t<div class=\"elementor-widget-container\">\n\t\t\t\t\t            <a href=\"https:\/\/academicos.uprrp.edu\/diia\/wp-content\/uploads\/sites\/5\/2023\/09\/PerfilNuevoIngresoSubgraduado_2022-1erSem_Rev2023-08.xlsx\" target=\"_blank\">\n\t            <div class=\"eael-infobox icon-on-left\">\n\t            <div class=\"infobox-icon eael-icon-only\">\n\n            \n                            <div class=\"infobox-icon-wrap\">\n                    <i aria-hidden=\"true\" class=\"fas fa-file-alt\"><\/i>                <\/div>\n            \n            \n        <\/div>\n            <div class=\"infobox-content eael-icon-only\">\n                    <div class=\"infobox-title-section\">\n                <h2 class=\"title\">Perfil de estudiantes subgraduados de nuevo ingreso<\/h2>            <\/div>\n            <div><p>2022-2023 (XLSX)<br \/>Revisada: 2022-08<\/p><\/div>        <\/div>\n            <\/div>\n\n\t\t            <\/a>\n\t\t\t\t\t\t<\/div>\n\t\t\t\t<\/div>\n\t\t\t\t\t<\/div>\n\t\t<\/div>\n\t\t\t\t\t<\/div>\n\t\t<\/section>\n\t\t\t\t<section class=\"elementor-section elementor-top-section elementor-element elementor-element-bf5e411 elementor-section-boxed elementor-section-height-default elementor-section-height-default\" data-id=\"bf5e411\" data-element_type=\"section\" data-e-type=\"section\">\n\t\t\t\t\t\t<div class=\"elementor-container elementor-column-gap-default\">\n\t\t\t\t\t<div class=\"elementor-column elementor-col-100 elementor-top-column elementor-element elementor-element-cc2ec11\" data-id=\"cc2ec11\" data-element_type=\"column\" data-e-type=\"column\">\n\t\t\t<div class=\"elementor-widget-wrap elementor-element-populated\">\n\t\t\t\t\t\t<div class=\"elementor-element elementor-element-c34857c elementor-widget elementor-widget-text-editor\" data-id=\"c34857c\" data-element_type=\"widget\" data-e-type=\"widget\" data-widget_type=\"text-editor.default\">\n\t\t\t\t<div class=\"elementor-widget-container\">\n\t\t\t\t\t\t\t\t\t<p><span style=\"color: var( --e-global-color-text ); font-family: var( --e-global-typography-text-font-family ), Sans-serif; font-weight: var( --e-global-typography-text-font-weight ); font-size: var(--thim-font-body-font-size);\">En adici\u00f3n a estas tablas, tenemos una serie de \u00abdashboards\u00bb con los que puede interactuar y m\u00faltiples otras tablas con datos institucionales disponibles a trav\u00e9s de nuestro <\/span><em style=\"color: var( --e-global-color-text ); font-family: var( --e-global-typography-text-font-family ), Sans-serif; font-weight: var( --e-global-typography-text-font-weight ); font-size: var(--thim-font-body-font-size);\">Cat\u00e1logo de datos<\/em><span style=\"color: var( --e-global-color-text ); font-family: var( --e-global-typography-text-font-family ), Sans-serif; font-weight: var( --e-global-typography-text-font-weight ); font-size: var(--thim-font-body-font-size);\"> en el \u00e1rea de datos institucionales de nuestra p\u00e1gina:<\/span><\/p><p><blockquote class=\"wp-embedded-content\" data-secret=\"6r8uu4RPhh\"><a href=\"https:\/\/academicos.uprrp.edu\/diia\/datos-institucionales\/\">Datos institucionales<\/a><\/blockquote><iframe class=\"wp-embedded-content\" sandbox=\"allow-scripts\" security=\"restricted\" style=\"position: absolute; clip: rect(1px, 1px, 1px, 1px);\" title=\"&#171;Datos institucionales&#187; &#8212; Divisi\u00f3n Investigaci\u00f3n Institucional y Aval\u00fao - Universidad de Puerto Rico - Recinto de R\u00edo Piedras - UPRRP\" src=\"https:\/\/academicos.uprrp.edu\/diia\/datos-institucionales\/embed\/#?secret=c6A5QxSZnH#?secret=6r8uu4RPhh\" data-secret=\"6r8uu4RPhh\" width=\"600\" height=\"338\" frameborder=\"0\" marginwidth=\"0\" marginheight=\"0\" scrolling=\"no\"><\/iframe><\/p>\t\t\t\t\t\t\t\t<\/div>\n\t\t\t\t<\/div>\n\t\t\t\t\t<\/div>\n\t\t<\/div>\n\t\t\t\t\t<\/div>\n\t\t<\/section>\n\t\t\t\t<\/div>\n\t\t","protected":false},"excerpt":{"rendered":"<p>Acabamos de publicar una tabla nueva con un c\u00famulo de datos sobre los estudiantes subgraduados de nuevo ingreso al Recinto durante la admisi\u00f3n del 2022-2023. Puede acceder a dicha tabla &hellip; <\/p>\n","protected":false},"author":6,"featured_media":0,"comment_status":"closed","ping_status":"closed","sticky":false,"template":"","format":"standard","meta":{"om_disable_all_campaigns":false,"_monsterinsights_skip_tracking":false,"_monsterinsights_sitenote_active":false,"_monsterinsights_sitenote_note":"","_monsterinsights_sitenote_category":0,"_uf_show_specific_survey":0,"_uf_disable_surveys":false,"footnotes":""},"categories":[44,37],"tags":[56,48,73,75,43,74],"class_list":["post-12607","post","type-post","status-publish","format-standard","hentry","category-datos-institucionales","category-aviso","tag-56","tag-2022-2023","tag-nuevo-ingreso","tag-perfil","tag-perfil-de-estudiantes-de-nuevo-ingreso-subgraduados","tag-subgraduados"],"yoast_head":"<!-- This site is optimized with the Yoast SEO plugin v27.2 - https:\/\/yoast.com\/product\/yoast-seo-wordpress\/ -->\n<title>Perfil de estudiantes subgraduados de nuevo ingreso 2022-2023 - Divisi\u00f3n Investigaci\u00f3n Institucional y Aval\u00fao - Universidad de Puerto Rico - Recinto de R\u00edo Piedras - UPRRP<\/title>\n<meta name=\"robots\" content=\"index, follow, max-snippet:-1, max-image-preview:large, max-video-preview:-1\" \/>\n<link rel=\"canonical\" href=\"https:\/\/academicos.uprrp.edu\/diia\/perfil-de-estudiantes-subgraduados-de-nuevo-ingreso-2022-2023\/\" \/>\n<meta property=\"og:locale\" content=\"es_ES\" \/>\n<meta property=\"og:type\" content=\"article\" \/>\n<meta property=\"og:title\" content=\"Perfil de estudiantes subgraduados de nuevo ingreso 2022-2023 - Divisi\u00f3n Investigaci\u00f3n Institucional y Aval\u00fao - Universidad de Puerto Rico - Recinto de R\u00edo Piedras - UPRRP\" \/>\n<meta property=\"og:description\" content=\"Acabamos de publicar una tabla nueva con un c\u00famulo de datos sobre los estudiantes subgraduados de nuevo ingreso al Recinto durante la admisi\u00f3n del 2022-2023. Puede acceder a dicha tabla &hellip;\" \/>\n<meta property=\"og:url\" content=\"https:\/\/academicos.uprrp.edu\/diia\/perfil-de-estudiantes-subgraduados-de-nuevo-ingreso-2022-2023\/\" \/>\n<meta property=\"og:site_name\" content=\"Divisi\u00f3n Investigaci\u00f3n Institucional y Aval\u00fao - Universidad de Puerto Rico - Recinto de R\u00edo Piedras - UPRRP\" \/>\n<meta property=\"article:published_time\" content=\"2023-09-25T17:37:00+00:00\" \/>\n<meta property=\"article:modified_time\" content=\"2023-09-25T17:54:18+00:00\" \/>\n<meta name=\"author\" content=\"Divisi\u00f3n de Investigaci\u00f3n Institucional y Aval\u00fao\" \/>\n<meta name=\"twitter:card\" content=\"summary_large_image\" \/>\n<meta name=\"twitter:label1\" content=\"Written by\" \/>\n\t<meta name=\"twitter:data1\" content=\"Divisi\u00f3n de Investigaci\u00f3n Institucional y Aval\u00fao\" \/>\n\t<meta name=\"twitter:label2\" content=\"Est. reading time\" \/>\n\t<meta name=\"twitter:data2\" content=\"1 minuto\" \/>\n<script type=\"application\/ld+json\" class=\"yoast-schema-graph\">{\"@context\":\"https:\/\/schema.org\",\"@graph\":[{\"@type\":\"Article\",\"@id\":\"https:\/\/academicos.uprrp.edu\/diia\/perfil-de-estudiantes-subgraduados-de-nuevo-ingreso-2022-2023\/#article\",\"isPartOf\":{\"@id\":\"https:\/\/academicos.uprrp.edu\/diia\/perfil-de-estudiantes-subgraduados-de-nuevo-ingreso-2022-2023\/\"},\"author\":{\"name\":\"Divisi\u00f3n de Investigaci\u00f3n Institucional y Aval\u00fao\",\"@id\":\"https:\/\/academicos.uprrp.edu\/diia\/#\/schema\/person\/88d1a1badfd609336b2461c0c94ffa49\"},\"headline\":\"Perfil de estudiantes subgraduados de nuevo ingreso 2022-2023\",\"datePublished\":\"2023-09-25T17:37:00+00:00\",\"dateModified\":\"2023-09-25T17:54:18+00:00\",\"mainEntityOfPage\":{\"@id\":\"https:\/\/academicos.uprrp.edu\/diia\/perfil-de-estudiantes-subgraduados-de-nuevo-ingreso-2022-2023\/\"},\"wordCount\":132,\"publisher\":{\"@id\":\"https:\/\/academicos.uprrp.edu\/diia\/#organization\"},\"keywords\":[\"2022\",\"2022-2023\",\"nuevo ingreso\",\"perfil\",\"perfil de estudiantes de nuevo ingreso subgraduados\",\"subgraduados\"],\"articleSection\":[\"Datos Institucionales\",\"Lo m\u00e1s reciente\"],\"inLanguage\":\"es\"},{\"@type\":\"WebPage\",\"@id\":\"https:\/\/academicos.uprrp.edu\/diia\/perfil-de-estudiantes-subgraduados-de-nuevo-ingreso-2022-2023\/\",\"url\":\"https:\/\/academicos.uprrp.edu\/diia\/perfil-de-estudiantes-subgraduados-de-nuevo-ingreso-2022-2023\/\",\"name\":\"Perfil de estudiantes subgraduados de nuevo ingreso 2022-2023 - Divisi\u00f3n Investigaci\u00f3n Institucional y Aval\u00fao - Universidad de Puerto Rico - Recinto de R\u00edo Piedras - UPRRP\",\"isPartOf\":{\"@id\":\"https:\/\/academicos.uprrp.edu\/diia\/#website\"},\"datePublished\":\"2023-09-25T17:37:00+00:00\",\"dateModified\":\"2023-09-25T17:54:18+00:00\",\"breadcrumb\":{\"@id\":\"https:\/\/academicos.uprrp.edu\/diia\/perfil-de-estudiantes-subgraduados-de-nuevo-ingreso-2022-2023\/#breadcrumb\"},\"inLanguage\":\"es\",\"potentialAction\":[{\"@type\":\"ReadAction\",\"target\":[\"https:\/\/academicos.uprrp.edu\/diia\/perfil-de-estudiantes-subgraduados-de-nuevo-ingreso-2022-2023\/\"]}]},{\"@type\":\"BreadcrumbList\",\"@id\":\"https:\/\/academicos.uprrp.edu\/diia\/perfil-de-estudiantes-subgraduados-de-nuevo-ingreso-2022-2023\/#breadcrumb\",\"itemListElement\":[{\"@type\":\"ListItem\",\"position\":1,\"name\":\"Home\",\"item\":\"https:\/\/academicos.uprrp.edu\/diia\/\"},{\"@type\":\"ListItem\",\"position\":2,\"name\":\"Perfil de estudiantes subgraduados de nuevo ingreso 2022-2023\"}]},{\"@type\":\"WebSite\",\"@id\":\"https:\/\/academicos.uprrp.edu\/diia\/#website\",\"url\":\"https:\/\/academicos.uprrp.edu\/diia\/\",\"name\":\"Divisi\u00f3n Investigaci\u00f3n Institucional y Aval\u00fao - Universidad de Puerto Rico - Recinto de R\u00edo Piedras - DIIA - UPRRP\",\"description\":\"Investigaci\u00f3n institucional, aval\u00fao del aprendizaje estudiantil, efectividad institucional, datos institucionales, institutional research, student learning assessment, institutional effectiveness, institutional data\",\"publisher\":{\"@id\":\"https:\/\/academicos.uprrp.edu\/diia\/#organization\"},\"potentialAction\":[{\"@type\":\"SearchAction\",\"target\":{\"@type\":\"EntryPoint\",\"urlTemplate\":\"https:\/\/academicos.uprrp.edu\/diia\/?s={search_term_string}\"},\"query-input\":{\"@type\":\"PropertyValueSpecification\",\"valueRequired\":true,\"valueName\":\"search_term_string\"}}],\"inLanguage\":\"es\"},{\"@type\":\"Organization\",\"@id\":\"https:\/\/academicos.uprrp.edu\/diia\/#organization\",\"name\":\"Divisi\u00f3n de Investigaci\u00f3n Institucional y Aval\u00fao, Universidad de Puerto Rico, Recinto de R\u00edo Piedras\",\"url\":\"https:\/\/academicos.uprrp.edu\/diia\/\",\"logo\":{\"@type\":\"ImageObject\",\"inLanguage\":\"es\",\"@id\":\"https:\/\/academicos.uprrp.edu\/diia\/#\/schema\/logo\/image\/\",\"url\":\"https:\/\/academicos.uprrp.edu\/diia\/wp-content\/uploads\/sites\/5\/2020\/02\/LogoDIIA-Oficial01SelloFondoBlanco.png\",\"contentUrl\":\"https:\/\/academicos.uprrp.edu\/diia\/wp-content\/uploads\/sites\/5\/2020\/02\/LogoDIIA-Oficial01SelloFondoBlanco.png\",\"width\":3038,\"height\":899,\"caption\":\"Divisi\u00f3n de Investigaci\u00f3n Institucional y Aval\u00fao, Universidad de Puerto Rico, Recinto de R\u00edo Piedras\"},\"image\":{\"@id\":\"https:\/\/academicos.uprrp.edu\/diia\/#\/schema\/logo\/image\/\"}},{\"@type\":\"Person\",\"@id\":\"https:\/\/academicos.uprrp.edu\/diia\/#\/schema\/person\/88d1a1badfd609336b2461c0c94ffa49\",\"name\":\"Divisi\u00f3n de Investigaci\u00f3n Institucional y Aval\u00fao\",\"image\":{\"@type\":\"ImageObject\",\"inLanguage\":\"es\",\"@id\":\"https:\/\/secure.gravatar.com\/avatar\/1da843748f06c91fd71af6c6e6d82ada6a6b90595860355ca27ddfe636fa5c0c?s=96&d=mm&r=g\",\"url\":\"https:\/\/secure.gravatar.com\/avatar\/1da843748f06c91fd71af6c6e6d82ada6a6b90595860355ca27ddfe636fa5c0c?s=96&d=mm&r=g\",\"contentUrl\":\"https:\/\/secure.gravatar.com\/avatar\/1da843748f06c91fd71af6c6e6d82ada6a6b90595860355ca27ddfe636fa5c0c?s=96&d=mm&r=g\",\"caption\":\"Divisi\u00f3n de Investigaci\u00f3n Institucional y Aval\u00fao\"}}]}<\/script>\n<!-- \/ Yoast SEO plugin. -->","yoast_head_json":{"title":"Perfil de estudiantes subgraduados de nuevo ingreso 2022-2023 - Divisi\u00f3n Investigaci\u00f3n Institucional y Aval\u00fao - Universidad de Puerto Rico - Recinto de R\u00edo Piedras - UPRRP","robots":{"index":"index","follow":"follow","max-snippet":"max-snippet:-1","max-image-preview":"max-image-preview:large","max-video-preview":"max-video-preview:-1"},"canonical":"https:\/\/academicos.uprrp.edu\/diia\/perfil-de-estudiantes-subgraduados-de-nuevo-ingreso-2022-2023\/","og_locale":"es_ES","og_type":"article","og_title":"Perfil de estudiantes subgraduados de nuevo ingreso 2022-2023 - Divisi\u00f3n Investigaci\u00f3n Institucional y Aval\u00fao - Universidad de Puerto Rico - Recinto de R\u00edo Piedras - UPRRP","og_description":"Acabamos de publicar una tabla nueva con un c\u00famulo de datos sobre los estudiantes subgraduados de nuevo ingreso al Recinto durante la admisi\u00f3n del 2022-2023. Puede acceder a dicha tabla &hellip;","og_url":"https:\/\/academicos.uprrp.edu\/diia\/perfil-de-estudiantes-subgraduados-de-nuevo-ingreso-2022-2023\/","og_site_name":"Divisi\u00f3n Investigaci\u00f3n Institucional y Aval\u00fao - Universidad de Puerto Rico - Recinto de R\u00edo Piedras - UPRRP","article_published_time":"2023-09-25T17:37:00+00:00","article_modified_time":"2023-09-25T17:54:18+00:00","author":"Divisi\u00f3n de Investigaci\u00f3n Institucional y Aval\u00fao","twitter_card":"summary_large_image","twitter_misc":{"Written by":"Divisi\u00f3n de Investigaci\u00f3n Institucional y Aval\u00fao","Est. reading time":"1 minuto"},"schema":{"@context":"https:\/\/schema.org","@graph":[{"@type":"Article","@id":"https:\/\/academicos.uprrp.edu\/diia\/perfil-de-estudiantes-subgraduados-de-nuevo-ingreso-2022-2023\/#article","isPartOf":{"@id":"https:\/\/academicos.uprrp.edu\/diia\/perfil-de-estudiantes-subgraduados-de-nuevo-ingreso-2022-2023\/"},"author":{"name":"Divisi\u00f3n de Investigaci\u00f3n Institucional y Aval\u00fao","@id":"https:\/\/academicos.uprrp.edu\/diia\/#\/schema\/person\/88d1a1badfd609336b2461c0c94ffa49"},"headline":"Perfil de estudiantes subgraduados de nuevo ingreso 2022-2023","datePublished":"2023-09-25T17:37:00+00:00","dateModified":"2023-09-25T17:54:18+00:00","mainEntityOfPage":{"@id":"https:\/\/academicos.uprrp.edu\/diia\/perfil-de-estudiantes-subgraduados-de-nuevo-ingreso-2022-2023\/"},"wordCount":132,"publisher":{"@id":"https:\/\/academicos.uprrp.edu\/diia\/#organization"},"keywords":["2022","2022-2023","nuevo ingreso","perfil","perfil de estudiantes de nuevo ingreso subgraduados","subgraduados"],"articleSection":["Datos Institucionales","Lo m\u00e1s reciente"],"inLanguage":"es"},{"@type":"WebPage","@id":"https:\/\/academicos.uprrp.edu\/diia\/perfil-de-estudiantes-subgraduados-de-nuevo-ingreso-2022-2023\/","url":"https:\/\/academicos.uprrp.edu\/diia\/perfil-de-estudiantes-subgraduados-de-nuevo-ingreso-2022-2023\/","name":"Perfil de estudiantes subgraduados de nuevo ingreso 2022-2023 - Divisi\u00f3n Investigaci\u00f3n Institucional y Aval\u00fao - Universidad de Puerto Rico - Recinto de R\u00edo Piedras - UPRRP","isPartOf":{"@id":"https:\/\/academicos.uprrp.edu\/diia\/#website"},"datePublished":"2023-09-25T17:37:00+00:00","dateModified":"2023-09-25T17:54:18+00:00","breadcrumb":{"@id":"https:\/\/academicos.uprrp.edu\/diia\/perfil-de-estudiantes-subgraduados-de-nuevo-ingreso-2022-2023\/#breadcrumb"},"inLanguage":"es","potentialAction":[{"@type":"ReadAction","target":["https:\/\/academicos.uprrp.edu\/diia\/perfil-de-estudiantes-subgraduados-de-nuevo-ingreso-2022-2023\/"]}]},{"@type":"BreadcrumbList","@id":"https:\/\/academicos.uprrp.edu\/diia\/perfil-de-estudiantes-subgraduados-de-nuevo-ingreso-2022-2023\/#breadcrumb","itemListElement":[{"@type":"ListItem","position":1,"name":"Home","item":"https:\/\/academicos.uprrp.edu\/diia\/"},{"@type":"ListItem","position":2,"name":"Perfil de estudiantes subgraduados de nuevo ingreso 2022-2023"}]},{"@type":"WebSite","@id":"https:\/\/academicos.uprrp.edu\/diia\/#website","url":"https:\/\/academicos.uprrp.edu\/diia\/","name":"Divisi\u00f3n Investigaci\u00f3n Institucional y Aval\u00fao - Universidad de Puerto Rico - Recinto de R\u00edo Piedras - DIIA - UPRRP","description":"Investigaci\u00f3n institucional, aval\u00fao del aprendizaje estudiantil, efectividad institucional, datos institucionales, institutional research, student learning assessment, institutional effectiveness, institutional data","publisher":{"@id":"https:\/\/academicos.uprrp.edu\/diia\/#organization"},"potentialAction":[{"@type":"SearchAction","target":{"@type":"EntryPoint","urlTemplate":"https:\/\/academicos.uprrp.edu\/diia\/?s={search_term_string}"},"query-input":{"@type":"PropertyValueSpecification","valueRequired":true,"valueName":"search_term_string"}}],"inLanguage":"es"},{"@type":"Organization","@id":"https:\/\/academicos.uprrp.edu\/diia\/#organization","name":"Divisi\u00f3n de Investigaci\u00f3n Institucional y Aval\u00fao, Universidad de Puerto Rico, Recinto de R\u00edo Piedras","url":"https:\/\/academicos.uprrp.edu\/diia\/","logo":{"@type":"ImageObject","inLanguage":"es","@id":"https:\/\/academicos.uprrp.edu\/diia\/#\/schema\/logo\/image\/","url":"https:\/\/academicos.uprrp.edu\/diia\/wp-content\/uploads\/sites\/5\/2020\/02\/LogoDIIA-Oficial01SelloFondoBlanco.png","contentUrl":"https:\/\/academicos.uprrp.edu\/diia\/wp-content\/uploads\/sites\/5\/2020\/02\/LogoDIIA-Oficial01SelloFondoBlanco.png","width":3038,"height":899,"caption":"Divisi\u00f3n de Investigaci\u00f3n Institucional y Aval\u00fao, Universidad de Puerto Rico, Recinto de R\u00edo Piedras"},"image":{"@id":"https:\/\/academicos.uprrp.edu\/diia\/#\/schema\/logo\/image\/"}},{"@type":"Person","@id":"https:\/\/academicos.uprrp.edu\/diia\/#\/schema\/person\/88d1a1badfd609336b2461c0c94ffa49","name":"Divisi\u00f3n de Investigaci\u00f3n Institucional y Aval\u00fao","image":{"@type":"ImageObject","inLanguage":"es","@id":"https:\/\/secure.gravatar.com\/avatar\/1da843748f06c91fd71af6c6e6d82ada6a6b90595860355ca27ddfe636fa5c0c?s=96&d=mm&r=g","url":"https:\/\/secure.gravatar.com\/avatar\/1da843748f06c91fd71af6c6e6d82ada6a6b90595860355ca27ddfe636fa5c0c?s=96&d=mm&r=g","contentUrl":"https:\/\/secure.gravatar.com\/avatar\/1da843748f06c91fd71af6c6e6d82ada6a6b90595860355ca27ddfe636fa5c0c?s=96&d=mm&r=g","caption":"Divisi\u00f3n de Investigaci\u00f3n Institucional y Aval\u00fao"}}]}},"aioseo_notices":[],"_links":{"self":[{"href":"https:\/\/academicos.uprrp.edu\/diia\/wp-json\/wp\/v2\/posts\/12607","targetHints":{"allow":["GET"]}}],"collection":[{"href":"https:\/\/academicos.uprrp.edu\/diia\/wp-json\/wp\/v2\/posts"}],"about":[{"href":"https:\/\/academicos.uprrp.edu\/diia\/wp-json\/wp\/v2\/types\/post"}],"author":[{"embeddable":true,"href":"https:\/\/academicos.uprrp.edu\/diia\/wp-json\/wp\/v2\/users\/6"}],"replies":[{"embeddable":true,"href":"https:\/\/academicos.uprrp.edu\/diia\/wp-json\/wp\/v2\/comments?post=12607"}],"version-history":[{"count":7,"href":"https:\/\/academicos.uprrp.edu\/diia\/wp-json\/wp\/v2\/posts\/12607\/revisions"}],"predecessor-version":[{"id":12619,"href":"https:\/\/academicos.uprrp.edu\/diia\/wp-json\/wp\/v2\/posts\/12607\/revisions\/12619"}],"wp:attachment":[{"href":"https:\/\/academicos.uprrp.edu\/diia\/wp-json\/wp\/v2\/media?parent=12607"}],"wp:term":[{"taxonomy":"category","embeddable":true,"href":"https:\/\/academicos.uprrp.edu\/diia\/wp-json\/wp\/v2\/categories?post=12607"},{"taxonomy":"post_tag","embeddable":true,"href":"https:\/\/academicos.uprrp.edu\/diia\/wp-json\/wp\/v2\/tags?post=12607"}],"curies":[{"name":"wp","href":"https:\/\/api.w.org\/{rel}","templated":true}]}}